{"id":98322,"date":"2019-06-05T13:52:24","date_gmt":"2019-06-05T16:52:24","guid":{"rendered":"http:\/\/www.caririemacao.com\/1\/?p=98322"},"modified":"2019-06-05T13:52:24","modified_gmt":"2019-06-05T16:52:24","slug":"confira-camara-de-sume-realizou-importante-reuniao-nesta-terca-feira-04","status":"publish","type":"post","link":"https:\/\/www.caririemacao.com\/1\/2019\/06\/05\/confira-camara-de-sume-realizou-importante-reuniao-nesta-terca-feira-04\/","title":{"rendered":"CONFIRA: C\u00e2mara de Sum\u00e9 realizou importante reuni\u00e3o nesta ter\u00e7a-feira (04)"},"content":{"rendered":"\n<p>Os vereadores sumeenses estiveram participando de mais uma importante reuni\u00e3o. A reuni\u00e3o foi realizada na noite desta ter\u00e7a-feira, dia 04, no Plen\u00e1rio da Casa Vereador C\u00edcero Soares.<\/p>\n\n\n\n<figure class=\"wp-block-image\"><img fetchpriority=\"high\" decoding=\"async\" width=\"1024\" height=\"678\" src=\"http:\/\/www.caririemacao.com\/1\/wp-content\/uploads\/2019\/06\/DSC_0019-1024x678.jpg\" alt=\"\" class=\"wp-image-98342\" srcset=\"https:\/\/www.caririemacao.com\/1\/wp-content\/uploads\/2019\/06\/DSC_0019-1024x678.jpg 1024w, https:\/\/www.caririemacao.com\/1\/wp-content\/uploads\/2019\/06\/DSC_0019-300x199.jpg 300w, https:\/\/www.caririemacao.com\/1\/wp-content\/uploads\/2019\/06\/DSC_0019-768x509.jpg 768w\" sizes=\"(max-width: 1024px) 100vw, 1024px\" \/><\/figure>\n\n\n\n<p>Durante a reuni\u00e3o, presidida pelo vereador Bomba, foram aprovados 01 projeto de lei, 03 requerimentos e 02 projetos encaminhados paras as comiss\u00f5es.<\/p>\n\n\n\n<p>O projeto aprovado \u00e9 de iniciativa do prefeito \u00c9den Duarte que denomina de Josemar Sim\u00f5es de Ara\u00fajo a pra\u00e7a a ser constru\u00edda no Distrito do Pio X, entre as Ruas Raimundo Maur\u00edcio e Severino de Nico.<\/p>\n\n\n\n<figure class=\"wp-block-image\"><img decoding=\"async\" width=\"1024\" height=\"678\" data-src=\"http:\/\/www.caririemacao.com\/1\/wp-content\/uploads\/2019\/06\/DSC_0011-1-1024x678.jpg\" alt=\"\" class=\"wp-image-98328 lazyload\" data-srcset=\"https:\/\/www.caririemacao.com\/1\/wp-content\/uploads\/2019\/06\/DSC_0011-1-1024x678.jpg 1024w, https:\/\/www.caririemacao.com\/1\/wp-content\/uploads\/2019\/06\/DSC_0011-1-300x199.jpg 300w, https:\/\/www.caririemacao.com\/1\/wp-content\/uploads\/2019\/06\/DSC_0011-1-768x509.jpg 768w\" data-sizes=\"(max-width: 1024px) 100vw, 1024px\" src=\"data:image\/svg+xml;base64,PHN2ZyB3aWR0aD0iMSIgaGVpZ2h0PSIxIiB4bWxucz0iaHR0cDovL3d3dy53My5vcmcvMjAwMC9zdmciPjwvc3ZnPg==\" style=\"--smush-placeholder-width: 1024px; --smush-placeholder-aspect-ratio: 1024\/678;\" \/><\/figure>\n\n\n\n<p>Os 02 projetos encaminhados para as comiss\u00f5es s\u00e3o de autoria\ndo vereador Ant\u00f4nio Carlos. O primeiro que torna obrigat\u00f3rio a instala\u00e7\u00e3o de\nc\u00e2meras de monitoramento e seguran\u00e7a nas depend\u00eancias e cercanias das escolas\nmunicipais de educa\u00e7\u00e3o infantil e escolas municipais de ensino fundamental no\nmunic\u00edpio de Sum\u00e9, respeitando as normas t\u00e9cnicas exigidas pela Associa\u00e7\u00e3o\nBrasileira de Normas T\u00e9cnicas &#8211; ABNT. \u201cCada unidade escolar ter\u00e1, no m\u00ednimo,\nduas c\u00e2meras de seguran\u00e7a que registrem permanentemente as suas \u00e1reas de acesso\ne principais instala\u00e7\u00f5es internas\u201d, justificou.<\/p>\n\n\n\n<p>No segundo PL, Ant\u00f4nio Carlos, exp\u00f5e a necessidade da cria\u00e7\u00e3o do Programa Municipal de Preven\u00e7\u00e3o ao Acidente Vascular Cerebral \u2013 AVC, no Munic\u00edpio de Sum\u00e9, com a finalidade de desenvolver a\u00e7\u00f5es de preven\u00e7\u00e3o \u00e0 doen\u00e7a, objetivando promover a\u00e7\u00f5es educativas sobre AVCs, realizar campanhas de preven\u00e7\u00e3o sobre os diferentes tipos da doen\u00e7a e promover orienta\u00e7\u00e3o t\u00e9cnica para pessoas suscet\u00edveis de risco. \u201cAs a\u00e7\u00f5es pertinentes ao Programa Municipal de Preven\u00e7\u00e3o ao AVC poder\u00e3o ser desenvolvidas por equipe multidisciplinar, nos diferentes n\u00edveis de aten\u00e7\u00e3o \u00e0 sa\u00fade. O Poder Executivo promover\u00e1 a\u00e7\u00f5es integradas entre os seus \u00f3rg\u00e3os competentes e as entidades afins para consecu\u00e7\u00e3o do programa implantado, podendo celebrar conv\u00eanios ou termos de coopera\u00e7\u00e3o com outros \u00f3rg\u00e3os p\u00fablicos, bem como institui\u00e7\u00f5es privadas\u201d, enfatizou.<\/p>\n\n\n\n<figure class=\"wp-block-image\"><img decoding=\"async\" width=\"1024\" height=\"678\" data-src=\"http:\/\/www.caririemacao.com\/1\/wp-content\/uploads\/2019\/06\/DSC_0003-1024x678.jpg\" alt=\"\" class=\"wp-image-98331 lazyload\" data-srcset=\"https:\/\/www.caririemacao.com\/1\/wp-content\/uploads\/2019\/06\/DSC_0003-1024x678.jpg 1024w, https:\/\/www.caririemacao.com\/1\/wp-content\/uploads\/2019\/06\/DSC_0003-300x199.jpg 300w, https:\/\/www.caririemacao.com\/1\/wp-content\/uploads\/2019\/06\/DSC_0003-768x509.jpg 768w\" data-sizes=\"(max-width: 1024px) 100vw, 1024px\" src=\"data:image\/svg+xml;base64,PHN2ZyB3aWR0aD0iMSIgaGVpZ2h0PSIxIiB4bWxucz0iaHR0cDovL3d3dy53My5vcmcvMjAwMC9zdmciPjwvc3ZnPg==\" style=\"--smush-placeholder-width: 1024px; --smush-placeholder-aspect-ratio: 1024\/678;\" \/><\/figure>\n\n\n\n<p>Tamb\u00e9m foram aprovados 03 requerimentos, o vereador de Alo\u00edzio Salvador de Lima (Sabugo), apresentando Voto de Aplauso a equipe do Mercadinho do Galego pelo anivers\u00e1rio de 9 anos. \u201cAos propriet\u00e1rios Galego e Andr\u00e9ia pelo empreendedorismo na cidade, gerando emprego e renda, e assim contribuindo com a economia do nosso munic\u00edpio, desta forma s\u00e3o merecedores do nosso reconhecimento, bem como toda sua equipe de funcion\u00e1rios. O Mercadinho do Galego \u00e9 show\u201d, justificou. <\/p>\n\n\n\n<figure class=\"wp-block-image\"><img decoding=\"async\" width=\"1024\" height=\"678\" data-src=\"http:\/\/www.caririemacao.com\/1\/wp-content\/uploads\/2019\/06\/DSC_0021-1024x678.jpg\" alt=\"\" class=\"wp-image-98329 lazyload\" data-srcset=\"https:\/\/www.caririemacao.com\/1\/wp-content\/uploads\/2019\/06\/DSC_0021-1024x678.jpg 1024w, https:\/\/www.caririemacao.com\/1\/wp-content\/uploads\/2019\/06\/DSC_0021-300x199.jpg 300w, https:\/\/www.caririemacao.com\/1\/wp-content\/uploads\/2019\/06\/DSC_0021-768x509.jpg 768w\" data-sizes=\"(max-width: 1024px) 100vw, 1024px\" src=\"data:image\/svg+xml;base64,PHN2ZyB3aWR0aD0iMSIgaGVpZ2h0PSIxIiB4bWxucz0iaHR0cDovL3d3dy53My5vcmcvMjAwMC9zdmciPjwvc3ZnPg==\" style=\"--smush-placeholder-width: 1024px; --smush-placeholder-aspect-ratio: 1024\/678;\" \/><\/figure>\n\n\n\n<p>O vereador Jo\u00e3o Vanilson da Silva Brito (Nilson das seis casas) requereu ao prefeito \u00c9den Duarte a constru\u00e7\u00e3o de quatro mata-burros na Comunidade da Carna\u00faba, tendo em vista a grandes quantidades de porteiras na regi\u00e3o.<\/p>\n\n\n\n<figure class=\"wp-block-image\"><img decoding=\"async\" width=\"1024\" height=\"678\" data-src=\"http:\/\/www.caririemacao.com\/1\/wp-content\/uploads\/2019\/06\/DSC_0024-1-1024x678.jpg\" alt=\"\" class=\"wp-image-98330 lazyload\" data-srcset=\"https:\/\/www.caririemacao.com\/1\/wp-content\/uploads\/2019\/06\/DSC_0024-1-1024x678.jpg 1024w, https:\/\/www.caririemacao.com\/1\/wp-content\/uploads\/2019\/06\/DSC_0024-1-300x199.jpg 300w, https:\/\/www.caririemacao.com\/1\/wp-content\/uploads\/2019\/06\/DSC_0024-1-768x509.jpg 768w\" data-sizes=\"(max-width: 1024px) 100vw, 1024px\" src=\"data:image\/svg+xml;base64,PHN2ZyB3aWR0aD0iMSIgaGVpZ2h0PSIxIiB4bWxucz0iaHR0cDovL3d3dy53My5vcmcvMjAwMC9zdmciPjwvc3ZnPg==\" style=\"--smush-placeholder-width: 1024px; --smush-placeholder-aspect-ratio: 1024\/678;\" \/><\/figure>\n\n\n\n<p>Por \u00faltimo o vereador Juan Pereira requereu um Voto de Aplauso ao jovem sumeense Luan Carvalho, que alcan\u00e7ou o 1\u00ba lugar do Campeonato Sul-americano de jui-jitsu que ocorreu em Campina Grande, promovido pela Federa\u00e7\u00e3o Internacional de Jiu-Jitsu Desportivo (FIFJD).<\/p>\n\n\n\n<p>VEJ<a href=\"https:\/\/www.facebook.com\/pg\/CaririEmAcao\/photos\/?tab=album&amp;album_id=1563694523766565\">A TODAS AS FOTOS AQUI NESTE LINK<\/a><\/p>\n","protected":false},"excerpt":{"rendered":"<p>Os vereadores sumeenses estiveram participando de mais uma importante reuni\u00e3o. A reuni\u00e3o foi realizada na noite desta ter\u00e7a-feira, dia 04, no Plen\u00e1rio da Casa Vereador&hellip; <\/p>\n","protected":false},"author":2,"featured_media":98340,"comment_status":"closed","ping_status":"closed","sticky":false,"template":"","format":"standard","meta":{"sfsi_plus_gutenberg_text_before_share":"","sfsi_plus_gutenberg_show_text_before_share":"","sfsi_plus_gutenberg_icon_type":"","sfsi_plus_gutenberg_icon_alignemt":"","sfsi_plus_gutenburg_max_per_row":"","footnotes":""},"categories":[6,50],"tags":[],"class_list":["post-98322","post","type-post","status-publish","format-standard","has-post-thumbnail","hentry","category-cidades","category-destaque"],"_links":{"self":[{"href":"https:\/\/www.caririemacao.com\/1\/wp-json\/wp\/v2\/posts\/98322","targetHints":{"allow":["GET"]}}],"collection":[{"href":"https:\/\/www.caririemacao.com\/1\/wp-json\/wp\/v2\/posts"}],"about":[{"href":"https:\/\/www.caririemacao.com\/1\/wp-json\/wp\/v2\/types\/post"}],"author":[{"embeddable":true,"href":"https:\/\/www.caririemacao.com\/1\/wp-json\/wp\/v2\/users\/2"}],"replies":[{"embeddable":true,"href":"https:\/\/www.caririemacao.com\/1\/wp-json\/wp\/v2\/comments?post=98322"}],"version-history":[{"count":1,"href":"https:\/\/www.caririemacao.com\/1\/wp-json\/wp\/v2\/posts\/98322\/revisions"}],"predecessor-version":[{"id":98343,"href":"https:\/\/www.caririemacao.com\/1\/wp-json\/wp\/v2\/posts\/98322\/revisions\/98343"}],"wp:featuredmedia":[{"embeddable":true,"href":"https:\/\/www.caririemacao.com\/1\/wp-json\/wp\/v2\/media\/98340"}],"wp:attachment":[{"href":"https:\/\/www.caririemacao.com\/1\/wp-json\/wp\/v2\/media?parent=98322"}],"wp:term":[{"taxonomy":"category","embeddable":true,"href":"https:\/\/www.caririemacao.com\/1\/wp-json\/wp\/v2\/categories?post=98322"},{"taxonomy":"post_tag","embeddable":true,"href":"https:\/\/www.caririemacao.com\/1\/wp-json\/wp\/v2\/tags?post=98322"}],"curies":[{"name":"wp","href":"https:\/\/api.w.org\/{rel}","templated":true}]}}