{"id":98327,"date":"2019-06-05T13:46:52","date_gmt":"2019-06-05T16:46:52","guid":{"rendered":"http:\/\/www.caririemacao.com\/1\/?p=98327"},"modified":"2019-06-05T13:46:52","modified_gmt":"2019-06-05T16:46:52","slug":"em-monteiro-juraci-conrado-explica-por-que-aceitou-assumir-secretaria-na-gestao-da-prefeita-lorena","status":"publish","type":"post","link":"https:\/\/www.caririemacao.com\/1\/2019\/06\/05\/em-monteiro-juraci-conrado-explica-por-que-aceitou-assumir-secretaria-na-gestao-da-prefeita-lorena\/","title":{"rendered":"Em Monteiro: Juraci Conrado explica por que aceitou assumir secretaria na gest\u00e3o da prefeita Lorena"},"content":{"rendered":"\n<p>O ex-candidato a prefeito de Monteiro e presidente municipal do PSB, Juraci Conrado, disse ao&nbsp;<strong>Blog do Bruno Lira<\/strong>&nbsp;o que lhe motivou assumir a Secretaria de Infraestrutura da prefeitura de Monteiro.<\/p>\n\n\n\n<blockquote class=\"wp-block-quote is-layout-flow wp-block-quote-is-layout-flow\"><p>\u201cTudo come\u00e7ou quando Lorena decidiu apoiar o projeto do nosso governador Jo\u00e3o Azev\u00eado. A partir do apoio dela ao projeto socialista n\u00f3s sentamos e definimos que n\u00e3o se mudava nada dos espa\u00e7os do PSB em Monteiro, relativo a cargos do Governo Estadual. Com a possibilidade do ingresso da prefeita aos quadros do PSB, entendemos que nada impedia de contribuir com a gest\u00e3o, assumindo uma secretaria\u201d, explicou Conrado.<\/p><\/blockquote>\n","protected":false},"excerpt":{"rendered":"<p>O ex-candidato a prefeito de Monteiro e presidente municipal do PSB, Juraci Conrado, disse ao&nbsp;Blog do Bruno Lira&nbsp;o que lhe motivou assumir a Secretaria de&hellip; <\/p>\n","protected":false},"author":1,"featured_media":98332,"comment_status":"closed","ping_status":"closed","sticky":false,"template":"","format":"standard","meta":{"sfsi_plus_gutenberg_text_before_share":"","sfsi_plus_gutenberg_show_text_before_share":"","sfsi_plus_gutenberg_icon_type":"","sfsi_plus_gutenberg_icon_alignemt":"","sfsi_plus_gutenburg_max_per_row":"","footnotes":""},"categories":[2],"tags":[],"class_list":["post-98327","post","type-post","status-publish","format-standard","has-post-thumbnail","hentry","category-geral"],"_links":{"self":[{"href":"https:\/\/www.caririemacao.com\/1\/wp-json\/wp\/v2\/posts\/98327","targetHints":{"allow":["GET"]}}],"collection":[{"href":"https:\/\/www.caririemacao.com\/1\/wp-json\/wp\/v2\/posts"}],"about":[{"href":"https:\/\/www.caririemacao.com\/1\/wp-json\/wp\/v2\/types\/post"}],"author":[{"embeddable":true,"href":"https:\/\/www.caririemacao.com\/1\/wp-json\/wp\/v2\/users\/1"}],"replies":[{"embeddable":true,"href":"https:\/\/www.caririemacao.com\/1\/wp-json\/wp\/v2\/comments?post=98327"}],"version-history":[{"count":1,"href":"https:\/\/www.caririemacao.com\/1\/wp-json\/wp\/v2\/posts\/98327\/revisions"}],"predecessor-version":[{"id":98335,"href":"https:\/\/www.caririemacao.com\/1\/wp-json\/wp\/v2\/posts\/98327\/revisions\/98335"}],"wp:featuredmedia":[{"embeddable":true,"href":"https:\/\/www.caririemacao.com\/1\/wp-json\/wp\/v2\/media\/98332"}],"wp:attachment":[{"href":"https:\/\/www.caririemacao.com\/1\/wp-json\/wp\/v2\/media?parent=98327"}],"wp:term":[{"taxonomy":"category","embeddable":true,"href":"https:\/\/www.caririemacao.com\/1\/wp-json\/wp\/v2\/categories?post=98327"},{"taxonomy":"post_tag","embeddable":true,"href":"https:\/\/www.caririemacao.com\/1\/wp-json\/wp\/v2\/tags?post=98327"}],"curies":[{"name":"wp","href":"https:\/\/api.w.org\/{rel}","templated":true}]}}