{"id":98341,"date":"2019-06-05T13:52:52","date_gmt":"2019-06-05T16:52:52","guid":{"rendered":"http:\/\/www.caririemacao.com\/1\/?p=98341"},"modified":"2019-06-05T13:52:52","modified_gmt":"2019-06-05T16:52:52","slug":"operacao-narkotika-policia-prende-terceiro-envolvido-com-trafico-de-drogas-em-sao-joao-do-cariri","status":"publish","type":"post","link":"https:\/\/www.caririemacao.com\/1\/2019\/06\/05\/operacao-narkotika-policia-prende-terceiro-envolvido-com-trafico-de-drogas-em-sao-joao-do-cariri\/","title":{"rendered":"OPERA\u00c7\u00c3O NARKOTIKA: Pol\u00edcia prende terceiro envolvido com tr\u00e1fico de drogas em S\u00e3o Jo\u00e3o do Cariri"},"content":{"rendered":"\n<p>Na noite do \u00faltimo domingo(02), policiais civis da Delegacia de S\u00e3o Jo\u00e3o do Cariri, em continuidade a Opera\u00e7\u00e3o \u201cNarkotika\u201d, deram cumprimento a um mandado de pris\u00e3o em desfavor do popular Marcelo Vitor Ramos de Almeida.<\/p>\n\n\n\n<p>O mesmo era uma dos alvos da opera\u00e7\u00e3o corrida no \u00faltimo dia 08 de maio, que culminou com a pris\u00e3o de indiv\u00edduos e apreens\u00e3o de quantidade significativa de drogas em S\u00e3o Jo\u00e3o do Cariri.<\/p>\n\n\n\n<p>Segundo informa\u00e7\u00f5es, Marcelo n\u00e3o obedeceu a voz de pris\u00e3o dos policiais e tentou empreender fuga. Momento no qual foi efetuado disparo de advert\u00eancia, tendo ap\u00f3s isto sido algemado, preso e conduzido a delegacia de pol\u00edcia.<\/p>\n\n\n\n<p>O preso foi submetido a exame de corpo de delito no hospital da cidade de Serra Branca, atestando a integridade f\u00edsica do mesmo, e em seguida encaminhado a Cadeia Publica de S\u00e3o Jo\u00e3o do Cariri, onde ficar\u00e1 \u00e0 disposi\u00e7\u00e3o da justi\u00e7a.<\/p>\n\n\n\n<p>Marcelo foi encaminhado a audi\u00eancia de cust\u00f3dia, na tarde desta ter\u00e7a-feira(04) no F\u00f3rum de S\u00e3o Jo\u00e3o do Cariri, e em seguida retornou a Cadeia Publica da cidade.<\/p>\n\n\n\n<p>A Delegacia disponibiliza o telefone \u00fatil a popula\u00e7\u00e3o, para fins de colabora\u00e7\u00e3o desta elucida\u00e7\u00e3o e de outros delitos, preservado o anonimato. Delegacia de S\u00e3o Jo\u00e3o do Cariri (83) 3355-1136<\/p>\n\n\n\n<p><strong>De Olho no Cariri<\/strong><\/p>\n","protected":false},"excerpt":{"rendered":"<p>Na noite do \u00faltimo domingo(02), policiais civis da Delegacia de S\u00e3o Jo\u00e3o do Cariri, em continuidade a Opera\u00e7\u00e3o \u201cNarkotika\u201d, deram cumprimento a um mandado de&hellip; <\/p>\n","protected":false},"author":1,"featured_media":96958,"comment_status":"closed","ping_status":"closed","sticky":false,"template":"","format":"standard","meta":{"sfsi_plus_gutenberg_text_before_share":"","sfsi_plus_gutenberg_show_text_before_share":"","sfsi_plus_gutenberg_icon_type":"","sfsi_plus_gutenberg_icon_alignemt":"","sfsi_plus_gutenburg_max_per_row":"","footnotes":""},"categories":[50,12],"tags":[],"class_list":["post-98341","post","type-post","status-publish","format-standard","has-post-thumbnail","hentry","category-destaque","category-policia"],"_links":{"self":[{"href":"https:\/\/www.caririemacao.com\/1\/wp-json\/wp\/v2\/posts\/98341","targetHints":{"allow":["GET"]}}],"collection":[{"href":"https:\/\/www.caririemacao.com\/1\/wp-json\/wp\/v2\/posts"}],"about":[{"href":"https:\/\/www.caririemacao.com\/1\/wp-json\/wp\/v2\/types\/post"}],"author":[{"embeddable":true,"href":"https:\/\/www.caririemacao.com\/1\/wp-json\/wp\/v2\/users\/1"}],"replies":[{"embeddable":true,"href":"https:\/\/www.caririemacao.com\/1\/wp-json\/wp\/v2\/comments?post=98341"}],"version-history":[{"count":1,"href":"https:\/\/www.caririemacao.com\/1\/wp-json\/wp\/v2\/posts\/98341\/revisions"}],"predecessor-version":[{"id":98344,"href":"https:\/\/www.caririemacao.com\/1\/wp-json\/wp\/v2\/posts\/98341\/revisions\/98344"}],"wp:featuredmedia":[{"embeddable":true,"href":"https:\/\/www.caririemacao.com\/1\/wp-json\/wp\/v2\/media\/96958"}],"wp:attachment":[{"href":"https:\/\/www.caririemacao.com\/1\/wp-json\/wp\/v2\/media?parent=98341"}],"wp:term":[{"taxonomy":"category","embeddable":true,"href":"https:\/\/www.caririemacao.com\/1\/wp-json\/wp\/v2\/categories?post=98341"},{"taxonomy":"post_tag","embeddable":true,"href":"https:\/\/www.caririemacao.com\/1\/wp-json\/wp\/v2\/tags?post=98341"}],"curies":[{"name":"wp","href":"https:\/\/api.w.org\/{rel}","templated":true}]}}