{"id":98347,"date":"2019-06-05T13:58:25","date_gmt":"2019-06-05T16:58:25","guid":{"rendered":"http:\/\/www.caririemacao.com\/1\/?p=98347"},"modified":"2019-06-05T13:58:25","modified_gmt":"2019-06-05T16:58:25","slug":"prefeito-adriano-wolff-se-reune-com-secretario-de-agricultura-familiar-do-estado","status":"publish","type":"post","link":"https:\/\/www.caririemacao.com\/1\/2019\/06\/05\/prefeito-adriano-wolff-se-reune-com-secretario-de-agricultura-familiar-do-estado\/","title":{"rendered":"Prefeito Adriano Wolff se re\u00fane com Secret\u00e1rio de Agricultura Familiar do Estado"},"content":{"rendered":"\n<p>O prefeito de S\u00e3o Sebasti\u00e3o do Umbuzeiro, Adriano Wolff, o secret\u00e1rio de agricultura do munic\u00edpio, Diego Elesb\u00e3o, e o representante do CMDRS Luiz Silva, se reuniram nesta ter\u00e7a-feira (4), com o Secret\u00e1rio de Agricultura Familiar do Estado, Luiz Couto, para buscar a\u00e7\u00f5es para ampliar e melhorar o desenvolvimento da Agricultura Familiar do munic\u00edpio.<\/p>\n\n\n\n<p>Adriano Wolff afirmou que a reuni\u00e3o foi bastante positiva e encaminhou alguns pleitos para o Secret\u00e1rio.<\/p>\n\n\n\n<p>\u201cFoi uma reuni\u00e3o bastante positiva, e recebemos de presente cerca de 100 mudas de plantas que ser\u00e3o doadas no pr\u00f3ximo s\u00e1bado dia 8, no anivers\u00e1rio de 60 anos de Emancipa\u00e7\u00e3o Pol\u00edtica do nosso munic\u00edpio. No total ser\u00e3o doados mais de 500 mudas de plantas\u201d, disse o prefeito.<\/p>\n","protected":false},"excerpt":{"rendered":"<p>O prefeito de S\u00e3o Sebasti\u00e3o do Umbuzeiro, Adriano Wolff, o secret\u00e1rio de agricultura do munic\u00edpio, Diego Elesb\u00e3o, e o representante do CMDRS Luiz Silva, se&hellip; <\/p>\n","protected":false},"author":1,"featured_media":98348,"comment_status":"closed","ping_status":"closed","sticky":false,"template":"","format":"standard","meta":{"sfsi_plus_gutenberg_text_before_share":"","sfsi_plus_gutenberg_show_text_before_share":"","sfsi_plus_gutenberg_icon_type":"","sfsi_plus_gutenberg_icon_alignemt":"","sfsi_plus_gutenburg_max_per_row":"","footnotes":""},"categories":[6],"tags":[],"class_list":["post-98347","post","type-post","status-publish","format-standard","has-post-thumbnail","hentry","category-cidades"],"_links":{"self":[{"href":"https:\/\/www.caririemacao.com\/1\/wp-json\/wp\/v2\/posts\/98347","targetHints":{"allow":["GET"]}}],"collection":[{"href":"https:\/\/www.caririemacao.com\/1\/wp-json\/wp\/v2\/posts"}],"about":[{"href":"https:\/\/www.caririemacao.com\/1\/wp-json\/wp\/v2\/types\/post"}],"author":[{"embeddable":true,"href":"https:\/\/www.caririemacao.com\/1\/wp-json\/wp\/v2\/users\/1"}],"replies":[{"embeddable":true,"href":"https:\/\/www.caririemacao.com\/1\/wp-json\/wp\/v2\/comments?post=98347"}],"version-history":[{"count":1,"href":"https:\/\/www.caririemacao.com\/1\/wp-json\/wp\/v2\/posts\/98347\/revisions"}],"predecessor-version":[{"id":98349,"href":"https:\/\/www.caririemacao.com\/1\/wp-json\/wp\/v2\/posts\/98347\/revisions\/98349"}],"wp:featuredmedia":[{"embeddable":true,"href":"https:\/\/www.caririemacao.com\/1\/wp-json\/wp\/v2\/media\/98348"}],"wp:attachment":[{"href":"https:\/\/www.caririemacao.com\/1\/wp-json\/wp\/v2\/media?parent=98347"}],"wp:term":[{"taxonomy":"category","embeddable":true,"href":"https:\/\/www.caririemacao.com\/1\/wp-json\/wp\/v2\/categories?post=98347"},{"taxonomy":"post_tag","embeddable":true,"href":"https:\/\/www.caririemacao.com\/1\/wp-json\/wp\/v2\/tags?post=98347"}],"curies":[{"name":"wp","href":"https:\/\/api.w.org\/{rel}","templated":true}]}}