{"id":98351,"date":"2019-06-05T14:06:13","date_gmt":"2019-06-05T17:06:13","guid":{"rendered":"http:\/\/www.caririemacao.com\/1\/?p=98351"},"modified":"2019-06-05T14:06:13","modified_gmt":"2019-06-05T17:06:13","slug":"presidente-da-amcap-ronaldo-queiroz-esteve-no-tce-onde-passou-pleitos-de-prefeitos-caririzeiros","status":"publish","type":"post","link":"https:\/\/www.caririemacao.com\/1\/2019\/06\/05\/presidente-da-amcap-ronaldo-queiroz-esteve-no-tce-onde-passou-pleitos-de-prefeitos-caririzeiros\/","title":{"rendered":"Presidente da AMCAP (Ronaldo Queiroz) esteve no TCE onde passou pleitos de Prefeitos Caririzeiros"},"content":{"rendered":"\n<p>Nesta \u00faltima segunda (04) o Presidente da AMCAP Ronaldo Queiroz Prefeito de Gurj\u00e3o esteve no TCE (Tribunal de Contas do Estado) ao lado do conselheiro Umberto Porto&nbsp;&nbsp;,Ronaldo passou algumas preocupa\u00e7\u00f5es de gestores do cariri , um dos pontos apresentados por Ronaldo foi a quest\u00e3o da exposi\u00e7\u00e3o de alertas que por hora serve de mat\u00e9ria maldosas por parte de uma politicagem em algumas cidades , &#8220;n\u00f3s enquanto gestores somos conhecedores da lei de transpar\u00eancia e sabemos da import\u00e2ncia dos alertas que na verdade s\u00e3o erros cometidos por n\u00f3s que podem ser concertadas e assim n\u00f3s fazemos enquanto gestores, mas minha preocupa\u00e7\u00e3o e dos amigos Prefeitos \u00e9 a exposi\u00e7\u00e3o desse alerta , quer\u00edamos apenas mas privacidade por que&nbsp;&nbsp;n\u00e3o \u00e9 sans\u00e3o e sim de cunho corretivo&#8221; explicou Ronaldo ao conselheiro Umberto Porto.<\/p>\n\n\n\n<p>Ronaldo tamb\u00e9m solicitou junto ao TCE um curso de controle interno e ouvidoria na regi\u00e3o do cariri em nome da AMCAP, ambas demandas est\u00e3o sendo cobradas pelo pr\u00f3prio \u00f3rg\u00e3o e temos nossa preocupa\u00e7\u00e3o de capacitar nossos servidores a fim de darmos o bom uso da ferramenta a nosso povo que a usar\u00e1.<\/p>\n\n\n\n<p>O Prefeito Ronaldo ainda fez uma visita de cortesia ao conselheiro Nominando Diniz onde o mesmo confirmou presen\u00e7a no Bode na Rua 2019.<\/p>\n","protected":false},"excerpt":{"rendered":"<p>Nesta \u00faltima segunda (04) o Presidente da AMCAP Ronaldo Queiroz Prefeito de Gurj\u00e3o esteve no TCE (Tribunal de Contas do Estado) ao lado do conselheiro&hellip; <\/p>\n","protected":false},"author":1,"featured_media":98352,"comment_status":"closed","ping_status":"closed","sticky":false,"template":"","format":"standard","meta":{"sfsi_plus_gutenberg_text_before_share":"","sfsi_plus_gutenberg_show_text_before_share":"","sfsi_plus_gutenberg_icon_type":"","sfsi_plus_gutenberg_icon_alignemt":"","sfsi_plus_gutenburg_max_per_row":"","footnotes":""},"categories":[6],"tags":[],"class_list":["post-98351","post","type-post","status-publish","format-standard","has-post-thumbnail","hentry","category-cidades"],"_links":{"self":[{"href":"https:\/\/www.caririemacao.com\/1\/wp-json\/wp\/v2\/posts\/98351","targetHints":{"allow":["GET"]}}],"collection":[{"href":"https:\/\/www.caririemacao.com\/1\/wp-json\/wp\/v2\/posts"}],"about":[{"href":"https:\/\/www.caririemacao.com\/1\/wp-json\/wp\/v2\/types\/post"}],"author":[{"embeddable":true,"href":"https:\/\/www.caririemacao.com\/1\/wp-json\/wp\/v2\/users\/1"}],"replies":[{"embeddable":true,"href":"https:\/\/www.caririemacao.com\/1\/wp-json\/wp\/v2\/comments?post=98351"}],"version-history":[{"count":1,"href":"https:\/\/www.caririemacao.com\/1\/wp-json\/wp\/v2\/posts\/98351\/revisions"}],"predecessor-version":[{"id":98353,"href":"https:\/\/www.caririemacao.com\/1\/wp-json\/wp\/v2\/posts\/98351\/revisions\/98353"}],"wp:featuredmedia":[{"embeddable":true,"href":"https:\/\/www.caririemacao.com\/1\/wp-json\/wp\/v2\/media\/98352"}],"wp:attachment":[{"href":"https:\/\/www.caririemacao.com\/1\/wp-json\/wp\/v2\/media?parent=98351"}],"wp:term":[{"taxonomy":"category","embeddable":true,"href":"https:\/\/www.caririemacao.com\/1\/wp-json\/wp\/v2\/categories?post=98351"},{"taxonomy":"post_tag","embeddable":true,"href":"https:\/\/www.caririemacao.com\/1\/wp-json\/wp\/v2\/tags?post=98351"}],"curies":[{"name":"wp","href":"https:\/\/api.w.org\/{rel}","templated":true}]}}