{"id":98355,"date":"2019-06-05T14:10:38","date_gmt":"2019-06-05T17:10:38","guid":{"rendered":"http:\/\/www.caririemacao.com\/1\/?p=98355"},"modified":"2019-06-05T14:10:38","modified_gmt":"2019-06-05T17:10:38","slug":"prorrogadas-as-inscricoes-do-pss-para-professor-de-educacao-fisica","status":"publish","type":"post","link":"https:\/\/www.caririemacao.com\/1\/2019\/06\/05\/prorrogadas-as-inscricoes-do-pss-para-professor-de-educacao-fisica\/","title":{"rendered":"Prorrogadas as inscri\u00e7\u00f5es do PSS para professor de Educa\u00e7\u00e3o F\u00edsica"},"content":{"rendered":"\n<p>Foram prorrogadas as inscri\u00e7\u00f5es do Processo Seletivo Simplificado para professor de Educa\u00e7\u00e3o F\u00edsica do munic\u00edpio de Sum\u00e9.Est\u00e1 sendo ofertada uma vaga.<br>Os interessados podem se inscrever agora at\u00e9 o dia 07 de junho (sexta-feira), na Secretaria de Educa\u00e7\u00e3o, das 08h \u00e0s 13h.<br> A inscri\u00e7\u00e3o do candidato se far\u00e1 mediante entrega do curr\u00edculo acompanhado da documenta\u00e7\u00e3o comprobat\u00f3ria, que ser\u00e1 devidamente autenticada pela comiss\u00e3o.<br> O processo de sele\u00e7\u00e3o ser\u00e1 constitu\u00eddo de etapa \u00fanica (car\u00e1ter eliminat\u00f3rio e classificat\u00f3rio) &#8211; An\u00e1lise Curricular.<br> Os Editais com todas as informa\u00e7\u00f5es encontram-se no Boletim Oficial do Munic\u00edpio dos dias 31\/05\/2019 e 04\/06\/2019.<\/p>\n\n\n\n<p>Ascom PMS<\/p>\n","protected":false},"excerpt":{"rendered":"<p>Foram prorrogadas as inscri\u00e7\u00f5es do Processo Seletivo Simplificado para professor de Educa\u00e7\u00e3o F\u00edsica do munic\u00edpio de Sum\u00e9.Est\u00e1 sendo ofertada uma vaga.Os interessados podem se inscrever&hellip; <\/p>\n","protected":false},"author":1,"featured_media":95560,"comment_status":"closed","ping_status":"closed","sticky":false,"template":"","format":"standard","meta":{"sfsi_plus_gutenberg_text_before_share":"","sfsi_plus_gutenberg_show_text_before_share":"","sfsi_plus_gutenberg_icon_type":"","sfsi_plus_gutenberg_icon_alignemt":"","sfsi_plus_gutenburg_max_per_row":"","footnotes":""},"categories":[2],"tags":[],"class_list":["post-98355","post","type-post","status-publish","format-standard","has-post-thumbnail","hentry","category-geral"],"_links":{"self":[{"href":"https:\/\/www.caririemacao.com\/1\/wp-json\/wp\/v2\/posts\/98355","targetHints":{"allow":["GET"]}}],"collection":[{"href":"https:\/\/www.caririemacao.com\/1\/wp-json\/wp\/v2\/posts"}],"about":[{"href":"https:\/\/www.caririemacao.com\/1\/wp-json\/wp\/v2\/types\/post"}],"author":[{"embeddable":true,"href":"https:\/\/www.caririemacao.com\/1\/wp-json\/wp\/v2\/users\/1"}],"replies":[{"embeddable":true,"href":"https:\/\/www.caririemacao.com\/1\/wp-json\/wp\/v2\/comments?post=98355"}],"version-history":[{"count":1,"href":"https:\/\/www.caririemacao.com\/1\/wp-json\/wp\/v2\/posts\/98355\/revisions"}],"predecessor-version":[{"id":98356,"href":"https:\/\/www.caririemacao.com\/1\/wp-json\/wp\/v2\/posts\/98355\/revisions\/98356"}],"wp:featuredmedia":[{"embeddable":true,"href":"https:\/\/www.caririemacao.com\/1\/wp-json\/wp\/v2\/media\/95560"}],"wp:attachment":[{"href":"https:\/\/www.caririemacao.com\/1\/wp-json\/wp\/v2\/media?parent=98355"}],"wp:term":[{"taxonomy":"category","embeddable":true,"href":"https:\/\/www.caririemacao.com\/1\/wp-json\/wp\/v2\/categories?post=98355"},{"taxonomy":"post_tag","embeddable":true,"href":"https:\/\/www.caririemacao.com\/1\/wp-json\/wp\/v2\/tags?post=98355"}],"curies":[{"name":"wp","href":"https:\/\/api.w.org\/{rel}","templated":true}]}}