{"id":98359,"date":"2019-06-05T14:16:45","date_gmt":"2019-06-05T17:16:45","guid":{"rendered":"http:\/\/www.caririemacao.com\/1\/?p=98359"},"modified":"2019-06-05T14:16:45","modified_gmt":"2019-06-05T17:16:45","slug":"representante-do-governo-do-estado-se-reune-com-comerciantes-da-casa-da-economia-solidaria-de-sume","status":"publish","type":"post","link":"https:\/\/www.caririemacao.com\/1\/2019\/06\/05\/representante-do-governo-do-estado-se-reune-com-comerciantes-da-casa-da-economia-solidaria-de-sume\/","title":{"rendered":"Representante do Governo do Estado se re\u00fane com comerciantes da Casa da Economia Solid\u00e1ria de Sum\u00e9"},"content":{"rendered":"\n<p>A Central de Comercializa\u00e7\u00e3o da Agricultura Familiar e Economia Solid\u00e1ria de Sum\u00e9 recebeu nessa quarta-feira (5), a visita do gerente executivo das Casas de Economia Solid\u00e1ria da Para\u00edba, Marcelo Melo. O encontro teve como objetivo principal ouvir as demandas dos presentes e tra\u00e7ar estrat\u00e9gias de funcionamento da Casa visando fortalecer a economia solid\u00e1ria do munic\u00edpio.<\/p>\n\n\n\n<p>Participaram da reuni\u00e3o representantes do comit\u00ea gestor, artes\u00e3os e presidentes de associa\u00e7\u00f5es. Na pauta, houve discuss\u00f5es sobre novas entradas no empreendimento, organiza\u00e7\u00e3o da Casa e calend\u00e1rio de feiras.<\/p>\n\n\n\n<p>Marcelo destacou a parceria bem sucedida entre o munic\u00edpio de Sum\u00e9 e o governo do estado. Para Marcelo, quando se fala em economia solid\u00e1ria, Sum\u00e9 j\u00e1 \u00e9 uma refer\u00eancia em gest\u00e3o compartilhada no Estado. \u201cA Central da Economia Solid\u00e1ria \u00e9 um exemplo a ser seguido\u201d, disse. S\u00f3 para ter uma ideia, Sum\u00e9 ser\u00e1 o primeiro munic\u00edpio a ter uma casa e uma loja dentro de um shopping\u201d, enfatizou. Marcelo ainda agradeceu a todos os envolvidos e em especial ao prefeito \u00c9den Duarte pelo apoio dado ao projeto.<\/p>\n\n\n\n<p>No espa\u00e7o s\u00e3o produzidos artesanatos, bijuterias, renda renascen\u00e7a, vassouras de garrafas pet, beneficiamento de alimentos, fil\u00e9s de peixe, licores, mudas de plantas e servi\u00e7o de costura e conserto de roupas.<\/p>\n\n\n\n<p>Para a artes\u00e3, Ana Maria, a Casa da Economia foi uma excelente oportunidade que os artes\u00e3os, n\u00e3o s\u00f3 de Sum\u00e9 mas de toda regi\u00e3o, tiveram para expor os seus produtos, de modo que ele seja expandido para v\u00e1rios lugares da Para\u00edba atrav\u00e9s de feiras e exposi\u00e7\u00f5es.<\/p>\n\n\n\n<p>A Casa de Comercializa\u00e7\u00e3o da Agricultura Familiar e Economia Solid\u00e1ria de Sum\u00e9 funciona de segunda a sexta-feira, &nbsp;pr\u00f3ximo ao Mercado P\u00fablico Municipal.<\/p>\n\n\n\n<p>Ascom&nbsp; PMS<\/p>\n","protected":false},"excerpt":{"rendered":"<p>A Central de Comercializa\u00e7\u00e3o da Agricultura Familiar e Economia Solid\u00e1ria de Sum\u00e9 recebeu nessa quarta-feira (5), a visita do gerente executivo das Casas de Economia&hellip; <\/p>\n","protected":false},"author":1,"featured_media":98360,"comment_status":"closed","ping_status":"closed","sticky":false,"template":"","format":"standard","meta":{"sfsi_plus_gutenberg_text_before_share":"","sfsi_plus_gutenberg_show_text_before_share":"","sfsi_plus_gutenberg_icon_type":"","sfsi_plus_gutenberg_icon_alignemt":"","sfsi_plus_gutenburg_max_per_row":"","footnotes":""},"categories":[2],"tags":[],"class_list":["post-98359","post","type-post","status-publish","format-standard","has-post-thumbnail","hentry","category-geral"],"_links":{"self":[{"href":"https:\/\/www.caririemacao.com\/1\/wp-json\/wp\/v2\/posts\/98359","targetHints":{"allow":["GET"]}}],"collection":[{"href":"https:\/\/www.caririemacao.com\/1\/wp-json\/wp\/v2\/posts"}],"about":[{"href":"https:\/\/www.caririemacao.com\/1\/wp-json\/wp\/v2\/types\/post"}],"author":[{"embeddable":true,"href":"https:\/\/www.caririemacao.com\/1\/wp-json\/wp\/v2\/users\/1"}],"replies":[{"embeddable":true,"href":"https:\/\/www.caririemacao.com\/1\/wp-json\/wp\/v2\/comments?post=98359"}],"version-history":[{"count":1,"href":"https:\/\/www.caririemacao.com\/1\/wp-json\/wp\/v2\/posts\/98359\/revisions"}],"predecessor-version":[{"id":98361,"href":"https:\/\/www.caririemacao.com\/1\/wp-json\/wp\/v2\/posts\/98359\/revisions\/98361"}],"wp:featuredmedia":[{"embeddable":true,"href":"https:\/\/www.caririemacao.com\/1\/wp-json\/wp\/v2\/media\/98360"}],"wp:attachment":[{"href":"https:\/\/www.caririemacao.com\/1\/wp-json\/wp\/v2\/media?parent=98359"}],"wp:term":[{"taxonomy":"category","embeddable":true,"href":"https:\/\/www.caririemacao.com\/1\/wp-json\/wp\/v2\/categories?post=98359"},{"taxonomy":"post_tag","embeddable":true,"href":"https:\/\/www.caririemacao.com\/1\/wp-json\/wp\/v2\/tags?post=98359"}],"curies":[{"name":"wp","href":"https:\/\/api.w.org\/{rel}","templated":true}]}}