{"id":98365,"date":"2019-06-05T14:20:08","date_gmt":"2019-06-05T17:20:08","guid":{"rendered":"http:\/\/www.caririemacao.com\/1\/?p=98365"},"modified":"2019-06-05T14:20:08","modified_gmt":"2019-06-05T17:20:08","slug":"ufpb-perde-70-das-bolsas-em-12-cursos-de-mestrado-e-doutorado-apos-corte-feito-pela-capes","status":"publish","type":"post","link":"https:\/\/www.caririemacao.com\/1\/2019\/06\/05\/ufpb-perde-70-das-bolsas-em-12-cursos-de-mestrado-e-doutorado-apos-corte-feito-pela-capes\/","title":{"rendered":"UFPB perde 70% das bolsas em 12 cursos de mestrado e doutorado ap\u00f3s corte feito pela Capes"},"content":{"rendered":"\n<p>O corte nas bolsas de p\u00f3s-gradua\u00e7\u00e3o anunciado nesta ter\u00e7a-feira (04) pela Coordena\u00e7\u00e3o de Aperfei\u00e7oamento de Pessoal de N\u00edvel Superior (Capes) est\u00e1 preocupando professores e alunos das institui\u00e7\u00f5es de Ensino Superior. Na Universidade Federal da Para\u00edba (UFPB), foram cortadas 70% das bolsas para os programas de doutorado e mestrado que tiveram conceito 3 duas vezes, de acordo com levantamento feito pela Pr\u00f3-reitoria de P\u00f3s-gradua\u00e7\u00e3o.<\/p>\n\n\n\n<p>Maria Luiza Pereira Alencar, pr\u00f3-reitora de p\u00f3s-gradua\u00e7\u00e3o da UFPB, afirmou em entrevista ao ClickPB que &#8220;dessa vez o corte \u00e9 gigantesco, impactante&#8221;. A previs\u00e3o \u00e9 que sejam feitos novos cortes nos meses de julho e agosto e a pr\u00f3-reitora comenta que &#8220;a gente est\u00e1 recebendo [os cortes] com des\u00e2nimo&#8221;.<\/p>\n\n\n\n<p>Ainda de acordo com Maria Luiza, &#8220;foi um corte linear, n\u00e3o parece haver l\u00f3gica no corte&#8221;. Para ela, &#8220;esse corte linear \u00e9 extremamente injusto&#8221;. Neste m\u00eas de junho foram feitos cortes de 70% nas bolsas de p\u00f3s-gradua\u00e7\u00e3o dos cursos que tiveram por duas vezes o conceito 3. J\u00e1 no m\u00eas de julho, dever\u00e3o ser cortadas 30% das bolsas que tiveram duas vezes o conceito 4.<\/p>\n\n\n\n<p>Os cursos afetados pelos cortes s\u00e3o os de Servi\u00e7o Social, Filosofia, Hist\u00f3ria, Comunica\u00e7\u00e3o e Culturas Midi\u00e1ticas, Artes Visuais, Engenharia El\u00e9trica, Biologia Celular e Molecular, Tecnologia Agroalimentar, Agroecologia, Ecologia e Monitoramento, Engenharia de Materiais e Engenharia Mec\u00e2nica.<\/p>\n\n\n\n<p>Os cursos de mestrado, que contavam com 206 bolsas agora ter\u00e3o somente 62. J\u00e1 os programas de doutorado, que tinham no total 29 bolsas, agora ter\u00e3o apenas oito. J\u00e1 os programas de p\u00f3s-doutorado, que tinham apenas duas bolsas, em Filosofia e Engenharia El\u00e9trica, perderam todas as bolsas.<\/p>\n\n\n\n<figure class=\"wp-block-image\"><img decoding=\"async\" data-src=\"https:\/\/www.clickpb.com.br\/media\/filer_public\/e1\/6b\/e16b6f5c-7233-4454-8809-7e06ae991534\/bolsas_ufpb_-_pos-graduacao.png\" alt=\"\" src=\"data:image\/svg+xml;base64,PHN2ZyB3aWR0aD0iMSIgaGVpZ2h0PSIxIiB4bWxucz0iaHR0cDovL3d3dy53My5vcmcvMjAwMC9zdmciPjwvc3ZnPg==\" class=\"lazyload\" \/><\/figure>\n","protected":false},"excerpt":{"rendered":"<p>O corte nas bolsas de p\u00f3s-gradua\u00e7\u00e3o anunciado nesta ter\u00e7a-feira (04) pela Coordena\u00e7\u00e3o de Aperfei\u00e7oamento de Pessoal de N\u00edvel Superior (Capes) est\u00e1 preocupando professores e alunos&hellip; <\/p>\n","protected":false},"author":1,"featured_media":93719,"comment_status":"closed","ping_status":"closed","sticky":false,"template":"","format":"standard","meta":{"sfsi_plus_gutenberg_text_before_share":"","sfsi_plus_gutenberg_show_text_before_share":"","sfsi_plus_gutenberg_icon_type":"","sfsi_plus_gutenberg_icon_alignemt":"","sfsi_plus_gutenburg_max_per_row":"","footnotes":""},"categories":[14],"tags":[],"class_list":["post-98365","post","type-post","status-publish","format-standard","has-post-thumbnail","hentry","category-educacao"],"_links":{"self":[{"href":"https:\/\/www.caririemacao.com\/1\/wp-json\/wp\/v2\/posts\/98365","targetHints":{"allow":["GET"]}}],"collection":[{"href":"https:\/\/www.caririemacao.com\/1\/wp-json\/wp\/v2\/posts"}],"about":[{"href":"https:\/\/www.caririemacao.com\/1\/wp-json\/wp\/v2\/types\/post"}],"author":[{"embeddable":true,"href":"https:\/\/www.caririemacao.com\/1\/wp-json\/wp\/v2\/users\/1"}],"replies":[{"embeddable":true,"href":"https:\/\/www.caririemacao.com\/1\/wp-json\/wp\/v2\/comments?post=98365"}],"version-history":[{"count":1,"href":"https:\/\/www.caririemacao.com\/1\/wp-json\/wp\/v2\/posts\/98365\/revisions"}],"predecessor-version":[{"id":98366,"href":"https:\/\/www.caririemacao.com\/1\/wp-json\/wp\/v2\/posts\/98365\/revisions\/98366"}],"wp:featuredmedia":[{"embeddable":true,"href":"https:\/\/www.caririemacao.com\/1\/wp-json\/wp\/v2\/media\/93719"}],"wp:attachment":[{"href":"https:\/\/www.caririemacao.com\/1\/wp-json\/wp\/v2\/media?parent=98365"}],"wp:term":[{"taxonomy":"category","embeddable":true,"href":"https:\/\/www.caririemacao.com\/1\/wp-json\/wp\/v2\/categories?post=98365"},{"taxonomy":"post_tag","embeddable":true,"href":"https:\/\/www.caririemacao.com\/1\/wp-json\/wp\/v2\/tags?post=98365"}],"curies":[{"name":"wp","href":"https:\/\/api.w.org\/{rel}","templated":true}]}}