{"id":98369,"date":"2019-06-05T15:16:26","date_gmt":"2019-06-05T18:16:26","guid":{"rendered":"http:\/\/www.caririemacao.com\/1\/?p=98369"},"modified":"2019-06-05T15:16:26","modified_gmt":"2019-06-05T18:16:26","slug":"juiz-proibe-entrada-de-criancas-e-adolescentes-sem-documento-no-sao-joao-de-campina-grande","status":"publish","type":"post","link":"https:\/\/www.caririemacao.com\/1\/2019\/06\/05\/juiz-proibe-entrada-de-criancas-e-adolescentes-sem-documento-no-sao-joao-de-campina-grande\/","title":{"rendered":"Juiz pro\u00edbe entrada de crian\u00e7as e adolescentes sem documento no S\u00e3o Jo\u00e3o de Campina Grande"},"content":{"rendered":"\n<p>O juiz Algacyr Rodrigues Negromonte proibiu a entrada de crian\u00e7as sem documentos no&nbsp;\u2018Maior S\u00e3o Jo\u00e3o do Mundo\u2019 e&nbsp;a hospedagem de menores sem a devida identifica\u00e7\u00e3o.&nbsp;De acordo com a Portaria editada por ele, quando a crian\u00e7a ou adolescente estiver sem a presen\u00e7a de um dos pais, os hot\u00e9is ou estabelecimentos&nbsp;dever\u00e3o exigir do acompanhante maior de 18 anos o documento original de identifica\u00e7\u00e3o com foto e o mesmo da crian\u00e7a ou do adolescente, a autoriza\u00e7\u00e3o escrita e assinada por um dos pais ou respons\u00e1vel legal.<\/p>\n\n\n\n<p>A decis\u00e3o foi embasada por meio da portaria n\u00ba 04\/2019, da Vara da Inf\u00e2ncia e da Juventude da Comarca de Campina Grande.&nbsp;O documento prev\u00ea, ainda, as san\u00e7\u00f5es para venda de bebidas alco\u00f3licas e fogos de artif\u00edcio para esse p\u00fablico. A portaria est\u00e1 dispon\u00edvel na p\u00e1gina principal do&nbsp;<a href=\"https:\/\/www.tjpb.jus.br\/aviso\/portaria-no-0042019-da-vara-da-infancia-e-da-juventude-da-comarca-de-campina-grande\">site do Tribunal de Justi\u00e7a da Para\u00edba,<\/a>&nbsp;no quadro de avisos, durante todo o per\u00edodo junino.<\/p>\n\n\n\n<p>Ao editar a Portaria, o magistrado considerou o aumento do fluxo de crian\u00e7as e adolescentes na cidade de Campina Grande durante o per\u00edodo de S\u00e3o Jo\u00e3o, que acontecer\u00e1 este ano de 7 de junho a 7 de julho. \u201cOs referidos festejos ocorrer\u00e3o, em sua maior parte, no per\u00edodo noturno, acarretando, assim, um maior risco \u00e0 integridade desse p\u00fablico. Al\u00e9m disso, precisamos tornar p\u00fablicas as regras em vigor, para evitar que a falta de documenta\u00e7\u00e3o cause transtornos ou decep\u00e7\u00f5es nos participantes\u201d, explicou Algacyr Negromonte.<br><\/p>\n\n\n\n<p>A hospedagem que descumprir as exig\u00eancias ser\u00e1 multada. Havendo reincid\u00eancia, poder\u00e1 ser fechada pela autoridade judici\u00e1ria por at\u00e9 15 dias, sem preju\u00edzo da multa. E, se for comprovada a reincid\u00eancia em per\u00edodo inferior a 30 dias, o estabelecimento ser\u00e1 definitivamente fechado e ter\u00e1 sua licen\u00e7a cassada, nos termos do artigo 250 do Estatuto da Crian\u00e7a e do Adolescente.<br><\/p>\n\n\n\n<p>Em rela\u00e7\u00e3o \u00e0 entrada no Parque do Povo e casas de espet\u00e1culos, sem a presen\u00e7a de um dos pais, dever\u00e1 ser observada, nos casos de menores de 16 anos incompletos, a apresenta\u00e7\u00e3o de autoriza\u00e7\u00e3o escrita com c\u00f3pia de documento de identifica\u00e7\u00e3o do pai, m\u00e3e ou representante legal. Para isso, a Vara da Inf\u00e2ncia e da Juventude disponibilizar\u00e1 um formul\u00e1rio. O documento tamb\u00e9m est\u00e1 dispon\u00edvel no site do Tribunal.<\/p>\n\n\n\n<p>J\u00e1 os adolescentes maiores de 16 anos poder\u00e3o ingressar na \u00e1rea comum do Parque do Povo desacompanhados, independente de qualquer autoriza\u00e7\u00e3o. Nos ambientes de \u2018Open Bar\u2019, s\u00f3 ser\u00e3o permitidas a entrada e perman\u00eancia acompanhados de um dos pais, tutor, curador ou pessoa de 18 anos com autoriza\u00e7\u00e3o escrita por um representante legal.<\/p>\n\n\n\n<p>Tamb\u00e9m est\u00e1 prevista a obriga\u00e7\u00e3o da empresa respons\u00e1vel pelo evento disponibilizar pulseira diferenciada para identifica\u00e7\u00e3o e ingresso dos menores de idade em camarotes. O termo se refere a casas de espet\u00e1culos, bailes, shows, boates, promo\u00e7\u00f5es dan\u00e7antes abertas ao p\u00fablico e cong\u00eaneres.<\/p>\n\n\n\n<p>O magistrado reiterou, ainda, que, mesmo sendo permitido o ingresso de adolescentes acompanhados dos pais ou respons\u00e1veis, os \u00f3rg\u00e3os de prote\u00e7\u00e3o dever\u00e3o orientar e tomar as medidas necess\u00e1rias para evitar que adolescentes sejam expostos a riscos desnecess\u00e1rios.<\/p>\n\n\n\n<p>A participa\u00e7\u00e3o de crian\u00e7as e adolescentes em atividades art\u00edsticas e culturais ser\u00e1 permitida com a autoriza\u00e7\u00e3o escrita dos pais ou respons\u00e1veis legais. A empresa organizadora dever\u00e1 portar a documenta\u00e7\u00e3o exigida durante a realiza\u00e7\u00e3o do evento para qualquer fiscaliza\u00e7\u00e3o.<\/p>\n","protected":false},"excerpt":{"rendered":"<p>O juiz Algacyr Rodrigues Negromonte proibiu a entrada de crian\u00e7as sem documentos no&nbsp;\u2018Maior S\u00e3o Jo\u00e3o do Mundo\u2019 e&nbsp;a hospedagem de menores sem a devida identifica\u00e7\u00e3o.&nbsp;De&hellip; <\/p>\n","protected":false},"author":1,"featured_media":98370,"comment_status":"closed","ping_status":"closed","sticky":false,"template":"","format":"standard","meta":{"sfsi_plus_gutenberg_text_before_share":"","sfsi_plus_gutenberg_show_text_before_share":"","sfsi_plus_gutenberg_icon_type":"","sfsi_plus_gutenberg_icon_alignemt":"","sfsi_plus_gutenburg_max_per_row":"","footnotes":""},"categories":[2],"tags":[],"class_list":["post-98369","post","type-post","status-publish","format-standard","has-post-thumbnail","hentry","category-geral"],"_links":{"self":[{"href":"https:\/\/www.caririemacao.com\/1\/wp-json\/wp\/v2\/posts\/98369","targetHints":{"allow":["GET"]}}],"collection":[{"href":"https:\/\/www.caririemacao.com\/1\/wp-json\/wp\/v2\/posts"}],"about":[{"href":"https:\/\/www.caririemacao.com\/1\/wp-json\/wp\/v2\/types\/post"}],"author":[{"embeddable":true,"href":"https:\/\/www.caririemacao.com\/1\/wp-json\/wp\/v2\/users\/1"}],"replies":[{"embeddable":true,"href":"https:\/\/www.caririemacao.com\/1\/wp-json\/wp\/v2\/comments?post=98369"}],"version-history":[{"count":1,"href":"https:\/\/www.caririemacao.com\/1\/wp-json\/wp\/v2\/posts\/98369\/revisions"}],"predecessor-version":[{"id":98371,"href":"https:\/\/www.caririemacao.com\/1\/wp-json\/wp\/v2\/posts\/98369\/revisions\/98371"}],"wp:featuredmedia":[{"embeddable":true,"href":"https:\/\/www.caririemacao.com\/1\/wp-json\/wp\/v2\/media\/98370"}],"wp:attachment":[{"href":"https:\/\/www.caririemacao.com\/1\/wp-json\/wp\/v2\/media?parent=98369"}],"wp:term":[{"taxonomy":"category","embeddable":true,"href":"https:\/\/www.caririemacao.com\/1\/wp-json\/wp\/v2\/categories?post=98369"},{"taxonomy":"post_tag","embeddable":true,"href":"https:\/\/www.caririemacao.com\/1\/wp-json\/wp\/v2\/tags?post=98369"}],"curies":[{"name":"wp","href":"https:\/\/api.w.org\/{rel}","templated":true}]}}