{"id":98374,"date":"2019-06-05T15:18:39","date_gmt":"2019-06-05T18:18:39","guid":{"rendered":"http:\/\/www.caririemacao.com\/1\/?p=98374"},"modified":"2019-06-05T15:18:39","modified_gmt":"2019-06-05T18:18:39","slug":"neymar-esta-em-momento-dificil-mas-acredito-nele-diz-bolsonaro","status":"publish","type":"post","link":"https:\/\/www.caririemacao.com\/1\/2019\/06\/05\/neymar-esta-em-momento-dificil-mas-acredito-nele-diz-bolsonaro\/","title":{"rendered":"Neymar est\u00e1 em momento dif\u00edcil, mas acredito nele, diz Bolsonaro"},"content":{"rendered":"\n<p>Em meio a uma acusa\u00e7\u00e3o de estupro envolvendo Neymar, o presidente Jair Bolsonaro (PSL) disse nesta quarta-feira (5) que o jogador da sele\u00e7\u00e3o brasileira est\u00e1 &#8220;num momento dif\u00edcil&#8221; e que &#8220;acredita nele&#8221;.<\/p>\n\n\n\n<p>&#8220;Quero dar um abra\u00e7o no Neymar antes do jogo. \u00c9 um garoto que est\u00e1 num momento dif\u00edcil, mas eu acredito nele&#8221;, afirmou o presidente ao fim de uma cerim\u00f4nia em Aragar\u00e7as (GO), na divisa com Mato Grosso.<\/p>\n\n\n\n<p>Ap\u00f3s discursar em evento em comemora\u00e7\u00e3o do Dia Internacional do Meio Ambiente, Bolsonaro concedeu uma entrevista vestindo uma camiseta do Goi\u00e1s com o n\u00famero 17, o mesmo de seu partido, o PSL.<\/p>\n\n\n\n<p>Ele chegou ao local para falar com jornalistas brincando que poderia tamb\u00e9m vestir uma camisa do rival, Atl\u00e9tico Goianiense.<\/p>\n\n\n\n<p>Espontaneamente, o presidente tocou no assunto de Neymar, que joga na noite desta quarta em Bras\u00edlia, em amistoso da sele\u00e7\u00e3o com o Catar. Ele dever\u00e1 estar presente no est\u00e1dio Man\u00e9 Garrincha.<\/p>\n\n\n\n<p>Bolsonaro criticou a Folha de S.Paulo ao ser questionado sobre a possibilidade de Neymar ter cometido um crime por divulgar imagens \u00edntimas da mulher que o acusa de estupro.<\/p>\n\n\n\n<p>&#8220;Voc\u00ea, a Folha de S.Paulo, j\u00e1 est\u00e1 julgando o Neymar. Voc\u00ea \u00e9 da Folha, certo? A Folha de S.Paulo j\u00e1 est\u00e1 julgando o Neymar como sempre me julgou o tempo todo. A mulher atravessa o continente, um mont\u00e3o de coisa acontece e ela quer&#8230;&#8221;, disse, sem completar a frase, demonstrando irrita\u00e7\u00e3o e elevando o tom de voz, impedindo que a pergunta fosse conclu\u00edda.<\/p>\n\n\n\n<p>&#8220;Neymar hoje \u00e0 noite: tamo junto para fazer dois gols do Neymar hoje \u00e0 noite&#8221;, disse o presidente.<\/p>\n","protected":false},"excerpt":{"rendered":"<p>Em meio a uma acusa\u00e7\u00e3o de estupro envolvendo Neymar, o presidente Jair Bolsonaro (PSL) disse nesta quarta-feira (5) que o jogador da sele\u00e7\u00e3o brasileira est\u00e1&hellip; <\/p>\n","protected":false},"author":1,"featured_media":97574,"comment_status":"closed","ping_status":"closed","sticky":false,"template":"","format":"standard","meta":{"sfsi_plus_gutenberg_text_before_share":"","sfsi_plus_gutenberg_show_text_before_share":"","sfsi_plus_gutenberg_icon_type":"","sfsi_plus_gutenberg_icon_alignemt":"","sfsi_plus_gutenburg_max_per_row":"","footnotes":""},"categories":[11],"tags":[],"class_list":["post-98374","post","type-post","status-publish","format-standard","has-post-thumbnail","hentry","category-politica"],"_links":{"self":[{"href":"https:\/\/www.caririemacao.com\/1\/wp-json\/wp\/v2\/posts\/98374","targetHints":{"allow":["GET"]}}],"collection":[{"href":"https:\/\/www.caririemacao.com\/1\/wp-json\/wp\/v2\/posts"}],"about":[{"href":"https:\/\/www.caririemacao.com\/1\/wp-json\/wp\/v2\/types\/post"}],"author":[{"embeddable":true,"href":"https:\/\/www.caririemacao.com\/1\/wp-json\/wp\/v2\/users\/1"}],"replies":[{"embeddable":true,"href":"https:\/\/www.caririemacao.com\/1\/wp-json\/wp\/v2\/comments?post=98374"}],"version-history":[{"count":1,"href":"https:\/\/www.caririemacao.com\/1\/wp-json\/wp\/v2\/posts\/98374\/revisions"}],"predecessor-version":[{"id":98375,"href":"https:\/\/www.caririemacao.com\/1\/wp-json\/wp\/v2\/posts\/98374\/revisions\/98375"}],"wp:featuredmedia":[{"embeddable":true,"href":"https:\/\/www.caririemacao.com\/1\/wp-json\/wp\/v2\/media\/97574"}],"wp:attachment":[{"href":"https:\/\/www.caririemacao.com\/1\/wp-json\/wp\/v2\/media?parent=98374"}],"wp:term":[{"taxonomy":"category","embeddable":true,"href":"https:\/\/www.caririemacao.com\/1\/wp-json\/wp\/v2\/categories?post=98374"},{"taxonomy":"post_tag","embeddable":true,"href":"https:\/\/www.caririemacao.com\/1\/wp-json\/wp\/v2\/tags?post=98374"}],"curies":[{"name":"wp","href":"https:\/\/api.w.org\/{rel}","templated":true}]}}