{"id":98378,"date":"2019-06-05T15:20:57","date_gmt":"2019-06-05T18:20:57","guid":{"rendered":"http:\/\/www.caririemacao.com\/1\/?p=98378"},"modified":"2019-06-05T15:20:57","modified_gmt":"2019-06-05T18:20:57","slug":"reforma-interessa-para-todo-o-brasil-ate-para-o-servidor-diz-bolsonaro","status":"publish","type":"post","link":"https:\/\/www.caririemacao.com\/1\/2019\/06\/05\/reforma-interessa-para-todo-o-brasil-ate-para-o-servidor-diz-bolsonaro\/","title":{"rendered":"&#8216;Reforma interessa para todo o Brasil, at\u00e9 para o servidor&#8217;, diz Bolsonaro"},"content":{"rendered":"\n<p>Em meio a pedidos de governadores para que a reforma da Previd\u00eancia inclua estados e munic\u00edpios, o presidente Jair Bolsonaro (PSL) afirmou nesta quarta-feira (5) que o projeto interessa a todos, &#8220;at\u00e9 para o servidor&#8221;.<\/p>\n\n\n\n<p>&#8220;A reforma interessa para todo o Brasil, at\u00e9 para o servidor, porque se n\u00e3o reformar vai faltar dinheiro para pagar o servidor l\u00e1 na frente de maneira que n\u00f3s precisamos mostrar para o mundo l\u00e1 fora e para os investidores aqui de dentro que n\u00f3s estamos fazendo o dever de casa. O Brasil n\u00e3o pode continuar gastando mais do que arrecada&#8221;, defendeu.<\/p>\n\n\n\n<p>A declara\u00e7\u00e3o foi feita ao fim de um evento em Aragar\u00e7as (GO), durante o qual os governadores Mauro Mendes (Mato Grosso) e Ronaldo Caiado (Goi\u00e1s) fizeram um apelo para que deputados e senadores mantenham estados e munic\u00edpios na reforma.&nbsp;<br>&#8220;Acreditamos n\u00f3s que com a reforma aprovada basicamente como foi apresentada, investimentos vir\u00e3o e n\u00f3s podemos decolar na economia&#8221;, disse Bolsonaro, sem citar especificamente a quest\u00e3o dos estados.<\/p>\n\n\n\n<p>Durante uma cerim\u00f4nia pelo lan\u00e7amento do programa &#8220;Juntos pelo Araguaia&#8221;, para revitaliza\u00e7\u00e3o da bacia hidrogr\u00e1fica do rio, os governadores de MT e GO fizeram um apelo ao Congresso.&nbsp;<\/p>\n\n\n\n<p>&#8220;Gente, pelo amor de Deus, n\u00e3o deixem os estados e munic\u00edpios fora dessa reforma&#8221;, disse Mendes.<\/p>\n\n\n\n<p>&#8220;Ou daqui uns anos n\u00f3s vamos estar trabalhando apenas e exclusivamente para pagar nossos aposentados e n\u00e3o vai sobrar dinheiro para cuidar da sa\u00fade, das estradas, das escolas&#8221;, disse o governador de Mato Grosso.<\/p>\n\n\n\n<p>Logo depois de assumir o cargo, em janeiro, Mendes declarou estado de calamidade financeira de Mato Grosso.&nbsp;<\/p>\n\n\n\n<p>&#8220;N\u00f3s temos que fazer as reformas, sim. E elas t\u00eam que ser inclusivas aos Estados e munic\u00edpios dando espa\u00e7o \u00e0 educa\u00e7\u00e3o, sa\u00fade e oportunidade de emprego&#8221;, defendeu Caiado.<\/p>\n\n\n\n<p>No s\u00e1bado (1\u00ba), o relator da reforma, deputado Samuel Moreira (PSDB-SP), disse que avaliava retirar estados e munic\u00edpios da Previd\u00eancia. Na segunda (3), por\u00e9m, voltou a defender mant\u00ea-los no documento final. Moreira diz que deve apresentar o relat\u00f3rio final at\u00e9 segunda-feira (10).<\/p>\n\n\n\n<p>Em audi\u00eancia no Congresso, na segunda, o ministro da Economia, Paulo Guedes, admitiu que as circunst\u00e2ncias pol\u00edticas podem fazer com que se opte por retirar estados e munic\u00edpios da reforma.&nbsp;<\/p>\n\n\n\n<p>&#8220;Tem gente que precisa da reforma de estados e munic\u00edpios, vai se beneficiar, mas fica criticando a reforma e quer que os outros fa\u00e7am, para ter o custo pol\u00edtico. A rea\u00e7\u00e3o pol\u00edtica \u00e9 deixar eles fora da reforma, mas \u00e9 um problema pol\u00edtico, n\u00e3o tem nada a ver conosco&#8221;, disse.<\/p>\n\n\n\n<p>Por\u00e9m, ele defendeu a manuten\u00e7\u00e3o de todos no projeto por causa do &#8220;sentido de solidariedade com a federa\u00e7\u00e3o.&#8221;&nbsp;<\/p>\n\n\n\n<p>&#8220;Republicanamente, deveria estar todo mundo junto, em vez de dois ou tr\u00eas regimes diferentes, dever\u00edamos ser iguais&#8221;, afirmou.<\/p>\n","protected":false},"excerpt":{"rendered":"<p>Em meio a pedidos de governadores para que a reforma da Previd\u00eancia inclua estados e munic\u00edpios, o presidente Jair Bolsonaro (PSL) afirmou nesta quarta-feira (5)&hellip; <\/p>\n","protected":false},"author":1,"featured_media":96660,"comment_status":"closed","ping_status":"closed","sticky":false,"template":"","format":"standard","meta":{"sfsi_plus_gutenberg_text_before_share":"","sfsi_plus_gutenberg_show_text_before_share":"","sfsi_plus_gutenberg_icon_type":"","sfsi_plus_gutenberg_icon_alignemt":"","sfsi_plus_gutenburg_max_per_row":"","footnotes":""},"categories":[11],"tags":[],"class_list":["post-98378","post","type-post","status-publish","format-standard","has-post-thumbnail","hentry","category-politica"],"_links":{"self":[{"href":"https:\/\/www.caririemacao.com\/1\/wp-json\/wp\/v2\/posts\/98378","targetHints":{"allow":["GET"]}}],"collection":[{"href":"https:\/\/www.caririemacao.com\/1\/wp-json\/wp\/v2\/posts"}],"about":[{"href":"https:\/\/www.caririemacao.com\/1\/wp-json\/wp\/v2\/types\/post"}],"author":[{"embeddable":true,"href":"https:\/\/www.caririemacao.com\/1\/wp-json\/wp\/v2\/users\/1"}],"replies":[{"embeddable":true,"href":"https:\/\/www.caririemacao.com\/1\/wp-json\/wp\/v2\/comments?post=98378"}],"version-history":[{"count":1,"href":"https:\/\/www.caririemacao.com\/1\/wp-json\/wp\/v2\/posts\/98378\/revisions"}],"predecessor-version":[{"id":98379,"href":"https:\/\/www.caririemacao.com\/1\/wp-json\/wp\/v2\/posts\/98378\/revisions\/98379"}],"wp:featuredmedia":[{"embeddable":true,"href":"https:\/\/www.caririemacao.com\/1\/wp-json\/wp\/v2\/media\/96660"}],"wp:attachment":[{"href":"https:\/\/www.caririemacao.com\/1\/wp-json\/wp\/v2\/media?parent=98378"}],"wp:term":[{"taxonomy":"category","embeddable":true,"href":"https:\/\/www.caririemacao.com\/1\/wp-json\/wp\/v2\/categories?post=98378"},{"taxonomy":"post_tag","embeddable":true,"href":"https:\/\/www.caririemacao.com\/1\/wp-json\/wp\/v2\/tags?post=98378"}],"curies":[{"name":"wp","href":"https:\/\/api.w.org\/{rel}","templated":true}]}}