{"id":98382,"date":"2019-06-05T17:27:31","date_gmt":"2019-06-05T20:27:31","guid":{"rendered":"http:\/\/www.caririemacao.com\/1\/?p=98382"},"modified":"2019-06-05T17:27:31","modified_gmt":"2019-06-05T20:27:31","slug":"dirigente-nacional-do-pt-participa-de-inauguracao-do-comite-estadual-lula-livre-na-paraiba","status":"publish","type":"post","link":"https:\/\/www.caririemacao.com\/1\/2019\/06\/05\/dirigente-nacional-do-pt-participa-de-inauguracao-do-comite-estadual-lula-livre-na-paraiba\/","title":{"rendered":"Dirigente nacional do PT participa de inaugura\u00e7\u00e3o do &#8216;Comit\u00ea Estadual Lula Livre&#8217; na Para\u00edba"},"content":{"rendered":"\n<p>O dirigente nacional do Partido dos Trabalhadores (PT) e coordenador da campanha Lula Livre, Valter Pomar, vai participar da inaugura\u00e7\u00e3o do Comit\u00ea Estadual Lula Livre, nesta quinta-feira (6), na sede do Sindicato dos Trabalhadores em Telecomunica\u00e7\u00f5es da Para\u00edba (SINTTEL-PB).<\/p>\n\n\n\n<p>O evento est\u00e1 previsto para come\u00e7ar a partir das 18h. O Comit\u00ea tem como principal objetivo difundir a campanha em defesa da liberdade do ex-presidente Luiz In\u00e1cio Lula da Silva, preso em abril de 2018.<\/p>\n\n\n\n<p>Membro da coordena\u00e7\u00e3o do Comit\u00ea Lula Livre na Para\u00edba e secret\u00e1ria de mobiliza\u00e7\u00e3o do PT da Para\u00edba (PT-PB), Cely Andrade acredita que o trabalho desenvolvido na mobiliza\u00e7\u00e3o em torno da liberdade de Lula \u201c\u00e9 fruto da luta e da persist\u00eancia de um grupo que atualmente conta com a participa\u00e7\u00e3o de aproximadamente 30 organiza\u00e7\u00f5es, al\u00e9m do PT\u201d.<\/p>\n\n\n\n<p>Cely observa que a campanha Lula Livre \u00e9 suprapartid\u00e1ria e aberta para todas as pessoas interessadas em denunciar os ataques ao ex-presidente. Para ela, a pluralidade \u00e9 uma marca do comit\u00ea estadual.<\/p>\n\n\n\n<p>\u201cO comit\u00ea estadual Lula Livre-PB, tem na composi\u00e7\u00e3o toda uma diversidade de movimentos e com isso tem promovido v\u00e1rias atividades de apoio pela liberdade do ex-presidente Lula\u201d, destacou. \u201cA campanha \u00e9 a resist\u00eancia democr\u00e1tica; ela se une \u00e0 luta por democracia, pelos direitos do povo e pela soberania nacional, que hoje se encontra amea\u00e7ada por esse governo fascista\u201d, apontou Cely.<\/p>\n\n\n\n<p>O coordenador nacional da campanha Lula Livre, Valter Pomar, acredita que a efetiva\u00e7\u00e3o do Comit\u00ea Lula Livre na Para\u00edba acontece em um bom momento. Ele acredita que a campanha segue crescendo, o que deve exigir maior capacidade de descentraliza\u00e7\u00e3o, intensificando o di\u00e1logo entre coordena\u00e7\u00f5es nacionais, estaduais e municipais.<\/p>\n\n\n\n<p>\u201cA campanha Lula Livre tem uma dose de espontaneidade e aumenta de intensidade \u00e0 medida em que a oposi\u00e7\u00e3o ao governo Bolsonaro tamb\u00e9m aumenta, mas ao mesmo tempo \u00e9 permanente e por isso \u00e9 fundamental organizar os comit\u00eas para garantir que quando as pessoas saiam \u00e0s ruas, encontrem uma campanha j\u00e1 organizada\u201d, apontou Valter. \u201c\u00c9 muito bom que o comit\u00ea estadual esteja se consolidando nesse momento, porque \u00e9 um momento em que nossa campanha vai pra alta e que vamos precisar cada vez mais de descentraliza\u00e7\u00e3o, cada vez mais de comit\u00eas regionais e municipais funcionando\u201d, destacou.&nbsp;<\/p>\n\n\n\n<p>Para Valter Pomar ainda avalia que \u201co golpe [contra a democracia brasileira] come\u00e7ou com o impeachment de Dilma, passou pela persegui\u00e7\u00e3o e interdi\u00e7\u00e3o ao presidente Lula, at\u00e9 chegar \u00e0 elei\u00e7\u00e3o do governo Bolsonaro\u201d.&nbsp;<\/p>\n\n\n\n<p>Segundo ele, a democracia s\u00f3 ser\u00e1 restabelecida com a realiza\u00e7\u00e3o de elei\u00e7\u00f5es livres \u201ce para que existam elei\u00e7\u00f5es livres, de fato, no pa\u00eds isso \u00e9 preciso que Lula seja candidato\u201d.<\/p>\n\n\n\n<figure class=\"wp-block-image\"><img decoding=\"async\" data-src=\"https:\/\/www.clickpb.com.br\/media\/filer_public\/45\/3d\/453da66b-1ec3-4140-8798-39aad37cb402\/lula_livre.jpeg\" alt=\"\" src=\"data:image\/svg+xml;base64,PHN2ZyB3aWR0aD0iMSIgaGVpZ2h0PSIxIiB4bWxucz0iaHR0cDovL3d3dy53My5vcmcvMjAwMC9zdmciPjwvc3ZnPg==\" class=\"lazyload\" \/><\/figure>\n","protected":false},"excerpt":{"rendered":"<p>O dirigente nacional do Partido dos Trabalhadores (PT) e coordenador da campanha Lula Livre, Valter Pomar, vai participar da inaugura\u00e7\u00e3o do Comit\u00ea Estadual Lula Livre,&hellip; <\/p>\n","protected":false},"author":1,"featured_media":98383,"comment_status":"closed","ping_status":"closed","sticky":false,"template":"","format":"standard","meta":{"sfsi_plus_gutenberg_text_before_share":"","sfsi_plus_gutenberg_show_text_before_share":"","sfsi_plus_gutenberg_icon_type":"","sfsi_plus_gutenberg_icon_alignemt":"","sfsi_plus_gutenburg_max_per_row":"","footnotes":""},"categories":[11],"tags":[],"class_list":["post-98382","post","type-post","status-publish","format-standard","has-post-thumbnail","hentry","category-politica"],"_links":{"self":[{"href":"https:\/\/www.caririemacao.com\/1\/wp-json\/wp\/v2\/posts\/98382","targetHints":{"allow":["GET"]}}],"collection":[{"href":"https:\/\/www.caririemacao.com\/1\/wp-json\/wp\/v2\/posts"}],"about":[{"href":"https:\/\/www.caririemacao.com\/1\/wp-json\/wp\/v2\/types\/post"}],"author":[{"embeddable":true,"href":"https:\/\/www.caririemacao.com\/1\/wp-json\/wp\/v2\/users\/1"}],"replies":[{"embeddable":true,"href":"https:\/\/www.caririemacao.com\/1\/wp-json\/wp\/v2\/comments?post=98382"}],"version-history":[{"count":1,"href":"https:\/\/www.caririemacao.com\/1\/wp-json\/wp\/v2\/posts\/98382\/revisions"}],"predecessor-version":[{"id":98384,"href":"https:\/\/www.caririemacao.com\/1\/wp-json\/wp\/v2\/posts\/98382\/revisions\/98384"}],"wp:featuredmedia":[{"embeddable":true,"href":"https:\/\/www.caririemacao.com\/1\/wp-json\/wp\/v2\/media\/98383"}],"wp:attachment":[{"href":"https:\/\/www.caririemacao.com\/1\/wp-json\/wp\/v2\/media?parent=98382"}],"wp:term":[{"taxonomy":"category","embeddable":true,"href":"https:\/\/www.caririemacao.com\/1\/wp-json\/wp\/v2\/categories?post=98382"},{"taxonomy":"post_tag","embeddable":true,"href":"https:\/\/www.caririemacao.com\/1\/wp-json\/wp\/v2\/tags?post=98382"}],"curies":[{"name":"wp","href":"https:\/\/api.w.org\/{rel}","templated":true}]}}