{"id":98390,"date":"2019-06-05T17:47:26","date_gmt":"2019-06-05T20:47:26","guid":{"rendered":"http:\/\/www.caririemacao.com\/1\/?p=98390"},"modified":"2019-06-05T17:47:26","modified_gmt":"2019-06-05T20:47:26","slug":"secretario-de-agricultura-de-sj-do-tigre-registra-passagem-do-dia-mundial-do-meio-ambiente","status":"publish","type":"post","link":"https:\/\/www.caririemacao.com\/1\/2019\/06\/05\/secretario-de-agricultura-de-sj-do-tigre-registra-passagem-do-dia-mundial-do-meio-ambiente\/","title":{"rendered":"Secret\u00e1rio de Agricultura de SJ do Tigre registra passagem do Dia Mundial do Meio Ambiente"},"content":{"rendered":"\n<p>O Secret\u00e1rio de Agricultura e Meio Ambiente de S\u00e3o Jo\u00e3o do Tigre, Tadeu Queir\u00f3z, fez quest\u00e3o de registrar a passagem do Dia Mundial do Meio Ambiente, que acontece em 05 de Junho.<br>Para o secret\u00e1rio Tadeu, preservar o meio ambiente \u00e9 fundamental para manter a sa\u00fade do planeta e de todos os seres vivos que moram nele.<br>O Dia Mundial do Meio Ambiente come\u00e7ou a ser comemorado em 1972, com o objetivo de promover atividades de prote\u00e7\u00e3o e preserva\u00e7\u00e3o do meio ambiente, e alertar o p\u00fablico e governos de cada pa\u00eds sobre os perigos de negligenciarmos a tarefa de cuidar do mundo em que vivemos.<br><strong>F\u00c1BIO BRITO<\/strong><\/p>\n","protected":false},"excerpt":{"rendered":"<p>O Secret\u00e1rio de Agricultura e Meio Ambiente de S\u00e3o Jo\u00e3o do Tigre, Tadeu Queir\u00f3z, fez quest\u00e3o de registrar a passagem do Dia Mundial do Meio&hellip; <\/p>\n","protected":false},"author":1,"featured_media":98391,"comment_status":"closed","ping_status":"closed","sticky":false,"template":"","format":"standard","meta":{"sfsi_plus_gutenberg_text_before_share":"","sfsi_plus_gutenberg_show_text_before_share":"","sfsi_plus_gutenberg_icon_type":"","sfsi_plus_gutenberg_icon_alignemt":"","sfsi_plus_gutenburg_max_per_row":"","footnotes":""},"categories":[6],"tags":[],"class_list":["post-98390","post","type-post","status-publish","format-standard","has-post-thumbnail","hentry","category-cidades"],"_links":{"self":[{"href":"https:\/\/www.caririemacao.com\/1\/wp-json\/wp\/v2\/posts\/98390","targetHints":{"allow":["GET"]}}],"collection":[{"href":"https:\/\/www.caririemacao.com\/1\/wp-json\/wp\/v2\/posts"}],"about":[{"href":"https:\/\/www.caririemacao.com\/1\/wp-json\/wp\/v2\/types\/post"}],"author":[{"embeddable":true,"href":"https:\/\/www.caririemacao.com\/1\/wp-json\/wp\/v2\/users\/1"}],"replies":[{"embeddable":true,"href":"https:\/\/www.caririemacao.com\/1\/wp-json\/wp\/v2\/comments?post=98390"}],"version-history":[{"count":1,"href":"https:\/\/www.caririemacao.com\/1\/wp-json\/wp\/v2\/posts\/98390\/revisions"}],"predecessor-version":[{"id":98392,"href":"https:\/\/www.caririemacao.com\/1\/wp-json\/wp\/v2\/posts\/98390\/revisions\/98392"}],"wp:featuredmedia":[{"embeddable":true,"href":"https:\/\/www.caririemacao.com\/1\/wp-json\/wp\/v2\/media\/98391"}],"wp:attachment":[{"href":"https:\/\/www.caririemacao.com\/1\/wp-json\/wp\/v2\/media?parent=98390"}],"wp:term":[{"taxonomy":"category","embeddable":true,"href":"https:\/\/www.caririemacao.com\/1\/wp-json\/wp\/v2\/categories?post=98390"},{"taxonomy":"post_tag","embeddable":true,"href":"https:\/\/www.caririemacao.com\/1\/wp-json\/wp\/v2\/tags?post=98390"}],"curies":[{"name":"wp","href":"https:\/\/api.w.org\/{rel}","templated":true}]}}