{"id":98395,"date":"2019-06-05T17:53:39","date_gmt":"2019-06-05T20:53:39","guid":{"rendered":"http:\/\/www.caririemacao.com\/1\/?p=98395"},"modified":"2019-06-05T17:56:24","modified_gmt":"2019-06-05T20:56:24","slug":"sao-joao-de-sume-movimenta-economia-da-cidade-destaca-eden","status":"publish","type":"post","link":"https:\/\/www.caririemacao.com\/1\/2019\/06\/05\/sao-joao-de-sume-movimenta-economia-da-cidade-destaca-eden\/","title":{"rendered":"S\u00e3o Jo\u00e3o de Sum\u00e9 movimenta economia da cidade, destaca \u00c9den"},"content":{"rendered":"\n<p>O prefeito de Sum\u00e9, Eden Duarte, destacou a import\u00e2ncia do S\u00e3o Jo\u00e3o para economia da cidade. Esse ano, a festa vai do dia 14 a 23 de junho, em pra\u00e7a p\u00fablica.<\/p>\n\n\n\n<blockquote class=\"wp-block-quote is-layout-flow wp-block-quote-is-layout-flow\"><p>\u201cO S\u00e3o Jo\u00e3o aquece a economia uma vez que v\u00e1rios tipos de com\u00e9rcios s\u00e3o movimentados (restaurantes, bares, lojas de roupa, de cal\u00e7ados, lanchonetes, sal\u00e3o de beleza, lojas de acess\u00f3rios, setor de servi\u00e7os, barraqueiros, sanfoneiros, etc). H\u00e1 gera\u00e7\u00e3o de impostos ( ISS, IRRF). D\u00e1 visibilidade \u00e0 cidade para os turistas, recebe sumeenses que moram em outras cidades, al\u00e9m de turistas que v\u00eam gastar dinheiro em nossa cidade\u201d, disse o prefeito Eden.<\/p><\/blockquote>\n\n\n\n<p>Eden ressaltou que a Prefeitura vem trabalhando para organizar a cidade para receber os visitantes e manter a tradi\u00e7\u00e3o do S\u00e3o Jo\u00e3o.<\/p>\n\n\n\n<p>Sum\u00e9 est\u00e1 distante 263 quil\u00f4metros da Capital Jo\u00e3o Pessoa. Foi em Sum\u00e9 que nasceu o Z\u00e9 Marcolino, compositor de Luiz Gonzaga e de uma das m\u00fasicas mais tocadas no S\u00e3o Jo\u00e3o: Sala de Reboco.<\/p>\n\n\n\n<figure class=\"wp-block-image\"><img decoding=\"async\" data-src=\"http:\/\/www.blogdobrunolira.com.br\/wp-content\/uploads\/2019\/06\/images-52881999848181357471..jpg\" alt=\"\" class=\"wp-image-12274 lazyload\" src=\"data:image\/svg+xml;base64,PHN2ZyB3aWR0aD0iMSIgaGVpZ2h0PSIxIiB4bWxucz0iaHR0cDovL3d3dy53My5vcmcvMjAwMC9zdmciPjwvc3ZnPg==\" \/><\/figure>\n\n\n\n<p><strong>Blog do Bruno Lira<\/strong><\/p>\n","protected":false},"excerpt":{"rendered":"<p>O prefeito de Sum\u00e9, Eden Duarte, destacou a import\u00e2ncia do S\u00e3o Jo\u00e3o para economia da cidade. Esse ano, a festa vai do dia 14 a&hellip; <\/p>\n","protected":false},"author":1,"featured_media":98396,"comment_status":"closed","ping_status":"closed","sticky":false,"template":"","format":"standard","meta":{"sfsi_plus_gutenberg_text_before_share":"","sfsi_plus_gutenberg_show_text_before_share":"","sfsi_plus_gutenberg_icon_type":"","sfsi_plus_gutenberg_icon_alignemt":"","sfsi_plus_gutenburg_max_per_row":"","footnotes":""},"categories":[6,50],"tags":[],"class_list":["post-98395","post","type-post","status-publish","format-standard","has-post-thumbnail","hentry","category-cidades","category-destaque"],"_links":{"self":[{"href":"https:\/\/www.caririemacao.com\/1\/wp-json\/wp\/v2\/posts\/98395","targetHints":{"allow":["GET"]}}],"collection":[{"href":"https:\/\/www.caririemacao.com\/1\/wp-json\/wp\/v2\/posts"}],"about":[{"href":"https:\/\/www.caririemacao.com\/1\/wp-json\/wp\/v2\/types\/post"}],"author":[{"embeddable":true,"href":"https:\/\/www.caririemacao.com\/1\/wp-json\/wp\/v2\/users\/1"}],"replies":[{"embeddable":true,"href":"https:\/\/www.caririemacao.com\/1\/wp-json\/wp\/v2\/comments?post=98395"}],"version-history":[{"count":2,"href":"https:\/\/www.caririemacao.com\/1\/wp-json\/wp\/v2\/posts\/98395\/revisions"}],"predecessor-version":[{"id":98400,"href":"https:\/\/www.caririemacao.com\/1\/wp-json\/wp\/v2\/posts\/98395\/revisions\/98400"}],"wp:featuredmedia":[{"embeddable":true,"href":"https:\/\/www.caririemacao.com\/1\/wp-json\/wp\/v2\/media\/98396"}],"wp:attachment":[{"href":"https:\/\/www.caririemacao.com\/1\/wp-json\/wp\/v2\/media?parent=98395"}],"wp:term":[{"taxonomy":"category","embeddable":true,"href":"https:\/\/www.caririemacao.com\/1\/wp-json\/wp\/v2\/categories?post=98395"},{"taxonomy":"post_tag","embeddable":true,"href":"https:\/\/www.caririemacao.com\/1\/wp-json\/wp\/v2\/tags?post=98395"}],"curies":[{"name":"wp","href":"https:\/\/api.w.org\/{rel}","templated":true}]}}