{"id":98415,"date":"2019-06-05T19:56:42","date_gmt":"2019-06-05T22:56:42","guid":{"rendered":"http:\/\/www.caririemacao.com\/1\/?p=98415"},"modified":"2019-06-05T19:56:42","modified_gmt":"2019-06-05T22:56:42","slug":"governo-federal-cancela-recursos-para-varias-cidades-da-paraiba-atraves-da-funasa-5-cidades-do-cariri-estao-na-lista","status":"publish","type":"post","link":"https:\/\/www.caririemacao.com\/1\/2019\/06\/05\/governo-federal-cancela-recursos-para-varias-cidades-da-paraiba-atraves-da-funasa-5-cidades-do-cariri-estao-na-lista\/","title":{"rendered":"Governo Federal cancela recursos para v\u00e1rias cidades da Para\u00edba atrav\u00e9s da Funasa; 5 cidades do Cariri est\u00e3o na lista"},"content":{"rendered":"\n<p><strong>EXCLUSIVO:<\/strong>&nbsp;O presidente nacional da Funasa, Ronaldo Nogueira, baixou um decreto cancelando a destina\u00e7\u00e3o de verbas que j\u00e1 estavam empenhadas para v\u00e1rios munic\u00edpios brasileiros. Aqui na Para\u00edba, pelo menos 29 munic\u00edpios foram atingidos, 5 dos quais na regi\u00e3o do Cariri.<\/p>\n\n\n\n<p>No Cariri, foram prejudicadas com a suspens\u00e3o de projetos j\u00e1 aprovados as cidades de Gurj\u00e3o, Sum\u00e9, Monteiro, Santo Andr\u00e9 e Juazeirinho. Em Gurj\u00e3o, estava prevista uma grande obra de esgotamento num investimento de R$ 2.400.000,00. Em Santo Andr\u00e9 o preju\u00edzo com a medida foi de R$ 1.100.000,00.<\/p>\n\n\n\n<p>Nas cidades de Sum\u00e9 e Monteiro, a medida do Governo Federal suspendeu a destina\u00e7\u00e3o de 400 mil para obras de abastecimento de \u00e1gua. Em Juazeirinho, foi suspensa a destina\u00e7\u00e3o de R$ 500 mil para obra de abastecimento.<\/p>\n\n\n\n<p>Para o prefeito de Sum\u00e9, \u00c9den Duarte, o decreto foi um grande retrocesso para os munic\u00edpios. Segundo ele, em Sum\u00e9 a obra j\u00e1 seria licitada na pr\u00f3xima semana e j\u00e1 tinha todo o projeto de execu\u00e7\u00e3o pronto, que beneficiaria a comunidade de Santo Agostinho. \u201cLamento muito pela suspens\u00e3o da verba e do sonho da popula\u00e7\u00e3o de Santo Agostinho de ter sua \u00e1gua encanada e ainda um dessalinizador que seria constru\u00eddo dentro do projeto na comunidade\u201d, pontuou.<\/p>\n\n\n\n<p><strong>De Olho no Cariri<\/strong><\/p>\n","protected":false},"excerpt":{"rendered":"<p>EXCLUSIVO:&nbsp;O presidente nacional da Funasa, Ronaldo Nogueira, baixou um decreto cancelando a destina\u00e7\u00e3o de verbas que j\u00e1 estavam empenhadas para v\u00e1rios munic\u00edpios brasileiros. Aqui na&hellip; <\/p>\n","protected":false},"author":1,"featured_media":84670,"comment_status":"closed","ping_status":"closed","sticky":false,"template":"","format":"standard","meta":{"sfsi_plus_gutenberg_text_before_share":"","sfsi_plus_gutenberg_show_text_before_share":"","sfsi_plus_gutenberg_icon_type":"","sfsi_plus_gutenberg_icon_alignemt":"","sfsi_plus_gutenburg_max_per_row":"","footnotes":""},"categories":[50,11],"tags":[],"class_list":["post-98415","post","type-post","status-publish","format-standard","has-post-thumbnail","hentry","category-destaque","category-politica"],"_links":{"self":[{"href":"https:\/\/www.caririemacao.com\/1\/wp-json\/wp\/v2\/posts\/98415","targetHints":{"allow":["GET"]}}],"collection":[{"href":"https:\/\/www.caririemacao.com\/1\/wp-json\/wp\/v2\/posts"}],"about":[{"href":"https:\/\/www.caririemacao.com\/1\/wp-json\/wp\/v2\/types\/post"}],"author":[{"embeddable":true,"href":"https:\/\/www.caririemacao.com\/1\/wp-json\/wp\/v2\/users\/1"}],"replies":[{"embeddable":true,"href":"https:\/\/www.caririemacao.com\/1\/wp-json\/wp\/v2\/comments?post=98415"}],"version-history":[{"count":1,"href":"https:\/\/www.caririemacao.com\/1\/wp-json\/wp\/v2\/posts\/98415\/revisions"}],"predecessor-version":[{"id":98417,"href":"https:\/\/www.caririemacao.com\/1\/wp-json\/wp\/v2\/posts\/98415\/revisions\/98417"}],"wp:featuredmedia":[{"embeddable":true,"href":"https:\/\/www.caririemacao.com\/1\/wp-json\/wp\/v2\/media\/84670"}],"wp:attachment":[{"href":"https:\/\/www.caririemacao.com\/1\/wp-json\/wp\/v2\/media?parent=98415"}],"wp:term":[{"taxonomy":"category","embeddable":true,"href":"https:\/\/www.caririemacao.com\/1\/wp-json\/wp\/v2\/categories?post=98415"},{"taxonomy":"post_tag","embeddable":true,"href":"https:\/\/www.caririemacao.com\/1\/wp-json\/wp\/v2\/tags?post=98415"}],"curies":[{"name":"wp","href":"https:\/\/api.w.org\/{rel}","templated":true}]}}