{"id":98569,"date":"2019-06-07T06:15:55","date_gmt":"2019-06-07T09:15:55","guid":{"rendered":"http:\/\/www.caririemacao.com\/1\/?p=98569"},"modified":"2019-06-07T06:15:55","modified_gmt":"2019-06-07T09:15:55","slug":"prefeita-de-monteiro-cumpre-extensa-agenda-em-brasilia-e-reforca-pedido-para-centro-de-hemodialise","status":"publish","type":"post","link":"https:\/\/www.caririemacao.com\/1\/2019\/06\/07\/prefeita-de-monteiro-cumpre-extensa-agenda-em-brasilia-e-reforca-pedido-para-centro-de-hemodialise\/","title":{"rendered":"Prefeita de Monteiro cumpre extensa agenda em Bras\u00edlia e refor\u00e7a pedido para Centro de Hemodi\u00e1lise"},"content":{"rendered":"\n<p><br>A Prefeita de Monteiro, Anna Lorena, cumpriu uma extensa agenda esta semana em Bras\u00edlia, onde tratou da libera\u00e7\u00e3o de recursos para o munic\u00edpio. A gestora esteve acompanhada da Secret\u00e1ria Municipal de Planejamento, Waldirene Aparecida Alves Bezerra.<br>Ao lado do deputado federal Wellington Roberto, a gestora se reuniu com o Ministro da Sa\u00fade, Luiz Henrique Mandetta, onde discutiu a implanta\u00e7\u00e3o do Centro de Hemodi\u00e1lise em Monteiro, al\u00e9m da libera\u00e7\u00e3o de recursos para constru\u00e7\u00e3o da Unidade B\u00e1sica de Sa\u00fade do Alto da Serra. O Ministro da Sa\u00fade ainda garantiu a libera\u00e7\u00e3o de recursos para o custeio de novas equipes de aten\u00e7\u00e3o b\u00e1sica.\u00a0<br>&#8220;O Ministro nos informou que j\u00e1 se reuniu com o Secret\u00e1rio de Sa\u00fade do Estado para tratar da implanta\u00e7\u00e3o do Centro de Hemodi\u00e1lise de Monteiro, e est\u00e1 empenhado para o atendimento desse pleito, e estamos somando for\u00e7as para garantir essa implanta\u00e7\u00e3o. Ele tamb\u00e9m se comprometeu em liberar recursos para constru\u00e7\u00e3o da UBS do Alto da Serra, al\u00e9m de conseguirmos a libera\u00e7\u00e3o de recursos para o custeio de novas equipes de aten\u00e7\u00e3o b\u00e1sica&#8221;, disse Lorena.\u00a0<br>Anna Lorena ainda esteve nos Minist\u00e9rios do Turismo, do Desenvolvimento Regional, do Esporte e no FUNDEB, onde tratou da libera\u00e7\u00e3o de conv\u00eanios em andamento com o munic\u00edpio de Monteiro.\u00a0<br>A prefeita ainda participou da reuni\u00e3o do Movimento Municipalista de Mulheres, na sede da Confedera\u00e7\u00e3o Nacional dos Munic\u00edpio &#8211; CNM, que discutiu o planejamento estrat\u00e9gico dos munic\u00edpios para 2019 e 2020. Ela ainda participou da reuni\u00e3o do Conselho Pol\u00edtico da CNM, que entre outros assuntos, abordou a PEC da Unifica\u00e7\u00e3o das Elei\u00e7\u00f5es e a PEC do 1%, que eleva o repasse de recursos da Uni\u00e3o para os munic\u00edpios.<br>&#8220;Foi uma agenda muito positiva, e retornamos para Monteiro com muitas conquistas. Nosso compromisso \u00e9 com o crescimento e desenvolvimento de Monteiro, \u00e9 com esse foco que estamos trabalhando cada vez mais em prol de nossa popula\u00e7\u00e3o&#8221;, finalizou a gestora.<\/p>\n","protected":false},"excerpt":{"rendered":"<p>A Prefeita de Monteiro, Anna Lorena, cumpriu uma extensa agenda esta semana em Bras\u00edlia, onde tratou da libera\u00e7\u00e3o de recursos para o munic\u00edpio. A gestora&hellip; <\/p>\n","protected":false},"author":1,"featured_media":98570,"comment_status":"closed","ping_status":"closed","sticky":false,"template":"","format":"standard","meta":{"sfsi_plus_gutenberg_text_before_share":"","sfsi_plus_gutenberg_show_text_before_share":"","sfsi_plus_gutenberg_icon_type":"","sfsi_plus_gutenberg_icon_alignemt":"","sfsi_plus_gutenburg_max_per_row":"","footnotes":""},"categories":[6],"tags":[],"class_list":["post-98569","post","type-post","status-publish","format-standard","has-post-thumbnail","hentry","category-cidades"],"_links":{"self":[{"href":"https:\/\/www.caririemacao.com\/1\/wp-json\/wp\/v2\/posts\/98569","targetHints":{"allow":["GET"]}}],"collection":[{"href":"https:\/\/www.caririemacao.com\/1\/wp-json\/wp\/v2\/posts"}],"about":[{"href":"https:\/\/www.caririemacao.com\/1\/wp-json\/wp\/v2\/types\/post"}],"author":[{"embeddable":true,"href":"https:\/\/www.caririemacao.com\/1\/wp-json\/wp\/v2\/users\/1"}],"replies":[{"embeddable":true,"href":"https:\/\/www.caririemacao.com\/1\/wp-json\/wp\/v2\/comments?post=98569"}],"version-history":[{"count":1,"href":"https:\/\/www.caririemacao.com\/1\/wp-json\/wp\/v2\/posts\/98569\/revisions"}],"predecessor-version":[{"id":98571,"href":"https:\/\/www.caririemacao.com\/1\/wp-json\/wp\/v2\/posts\/98569\/revisions\/98571"}],"wp:featuredmedia":[{"embeddable":true,"href":"https:\/\/www.caririemacao.com\/1\/wp-json\/wp\/v2\/media\/98570"}],"wp:attachment":[{"href":"https:\/\/www.caririemacao.com\/1\/wp-json\/wp\/v2\/media?parent=98569"}],"wp:term":[{"taxonomy":"category","embeddable":true,"href":"https:\/\/www.caririemacao.com\/1\/wp-json\/wp\/v2\/categories?post=98569"},{"taxonomy":"post_tag","embeddable":true,"href":"https:\/\/www.caririemacao.com\/1\/wp-json\/wp\/v2\/tags?post=98569"}],"curies":[{"name":"wp","href":"https:\/\/api.w.org\/{rel}","templated":true}]}}