{"id":98574,"date":"2019-06-07T12:14:05","date_gmt":"2019-06-07T15:14:05","guid":{"rendered":"http:\/\/www.caririemacao.com\/1\/?p=98574"},"modified":"2019-06-07T12:14:05","modified_gmt":"2019-06-07T15:14:05","slug":"acoes-contra-o-trabalho-infantil-foram-realizadas-esta-semana-em-sume","status":"publish","type":"post","link":"https:\/\/www.caririemacao.com\/1\/2019\/06\/07\/acoes-contra-o-trabalho-infantil-foram-realizadas-esta-semana-em-sume\/","title":{"rendered":"A\u00e7\u00f5es Contra o Trabalho Infantil foram realizadas esta semana em Sum\u00e9"},"content":{"rendered":"\n<p>A Campanha Contra o Trabalho Infantil do Munic\u00edpio de Sum\u00e9 vem realizando diversas a\u00e7\u00f5es com abordagem do tema para conscientizar a popula\u00e7\u00e3o a respeito da grave viola\u00e7\u00e3o dos direitos da crian\u00e7a e do adolescente quando submetidas a trabalho na inf\u00e2ncia, privando-os n\u00e3o s\u00f3 de frequentar a escola e estudar normalmente, mas tamb\u00e9m de desenvolver de maneira saud\u00e1vel todas as capacidades e habilidades.<\/p>\n\n\n\n<p>H\u00e1 tr\u00eas anos, a Prefeitura de Sum\u00e9 tem abordado o tema de maneira cont\u00ednua e o m\u00eas de junho foi escolhido pelo munic\u00edpio para ser o momento de intensifica\u00e7\u00e3o da campanha.<\/p>\n\n\n\n<p>Durante esta semana, a campanha foi trabalhada com a Secretaria Municipal de Sa\u00fade.&nbsp;&nbsp;As equipes estiveram presentes na Unidade B\u00e1sica de Sa\u00fade da Fam\u00edlia Nilo Feitosa e na Unidade de Sa\u00fade do S\u00edtio Jurema, nos dois momentos&nbsp;foram distribu\u00eddos panfletos educativos e informado sobre as proibi\u00e7\u00f5es do Estatuto da Crian\u00e7a e do Adolescente.<\/p>\n\n\n\n<p>Na \u00faltima quarta-feira (05\/06), as coordenadoras da Campanha, Francismere Passos e Luana Lira, participaram da abertura da Campanha Contra o Trabalho Infantil da cidade de Campina Grande. Na ocasi\u00e3o, elas estiveram na companhia do procurador do Minist\u00e9rio P\u00fablico do Trabalho, Raulino Maracaj\u00e1.<\/p>\n\n\n\n<p>\u201cConsideramos v\u00e1lidos todos os espa\u00e7os que propiciem discuss\u00e3o e reflex\u00e3o junto \u00e0 comunidade sobre um tema t\u00e3o pol\u00eamico.&nbsp;Eliminar o trabalho infantil \u00e9 inclusive, uma das prioridades da Organiza\u00e7\u00e3o Internacional do Trabalho (OIT)\u201d, disse Luana.<\/p>\n\n\n\n<p>Ascom PMS<\/p>\n","protected":false},"excerpt":{"rendered":"<p>A Campanha Contra o Trabalho Infantil do Munic\u00edpio de Sum\u00e9 vem realizando diversas a\u00e7\u00f5es com abordagem do tema para conscientizar a popula\u00e7\u00e3o a respeito da&hellip; <\/p>\n","protected":false},"author":1,"featured_media":98575,"comment_status":"closed","ping_status":"closed","sticky":false,"template":"","format":"standard","meta":{"sfsi_plus_gutenberg_text_before_share":"","sfsi_plus_gutenberg_show_text_before_share":"","sfsi_plus_gutenberg_icon_type":"","sfsi_plus_gutenberg_icon_alignemt":"","sfsi_plus_gutenburg_max_per_row":"","footnotes":""},"categories":[50,2],"tags":[],"class_list":["post-98574","post","type-post","status-publish","format-standard","has-post-thumbnail","hentry","category-destaque","category-geral"],"_links":{"self":[{"href":"https:\/\/www.caririemacao.com\/1\/wp-json\/wp\/v2\/posts\/98574","targetHints":{"allow":["GET"]}}],"collection":[{"href":"https:\/\/www.caririemacao.com\/1\/wp-json\/wp\/v2\/posts"}],"about":[{"href":"https:\/\/www.caririemacao.com\/1\/wp-json\/wp\/v2\/types\/post"}],"author":[{"embeddable":true,"href":"https:\/\/www.caririemacao.com\/1\/wp-json\/wp\/v2\/users\/1"}],"replies":[{"embeddable":true,"href":"https:\/\/www.caririemacao.com\/1\/wp-json\/wp\/v2\/comments?post=98574"}],"version-history":[{"count":1,"href":"https:\/\/www.caririemacao.com\/1\/wp-json\/wp\/v2\/posts\/98574\/revisions"}],"predecessor-version":[{"id":98576,"href":"https:\/\/www.caririemacao.com\/1\/wp-json\/wp\/v2\/posts\/98574\/revisions\/98576"}],"wp:featuredmedia":[{"embeddable":true,"href":"https:\/\/www.caririemacao.com\/1\/wp-json\/wp\/v2\/media\/98575"}],"wp:attachment":[{"href":"https:\/\/www.caririemacao.com\/1\/wp-json\/wp\/v2\/media?parent=98574"}],"wp:term":[{"taxonomy":"category","embeddable":true,"href":"https:\/\/www.caririemacao.com\/1\/wp-json\/wp\/v2\/categories?post=98574"},{"taxonomy":"post_tag","embeddable":true,"href":"https:\/\/www.caririemacao.com\/1\/wp-json\/wp\/v2\/tags?post=98574"}],"curies":[{"name":"wp","href":"https:\/\/api.w.org\/{rel}","templated":true}]}}