{"id":98582,"date":"2019-06-07T12:17:42","date_gmt":"2019-06-07T15:17:42","guid":{"rendered":"http:\/\/www.caririemacao.com\/1\/?p=98582"},"modified":"2019-06-07T12:17:42","modified_gmt":"2019-06-07T15:17:42","slug":"dia-d-da-campanha-contra-o-trabalho-infantil-em-sume-acontece-neste-sabado","status":"publish","type":"post","link":"https:\/\/www.caririemacao.com\/1\/2019\/06\/07\/dia-d-da-campanha-contra-o-trabalho-infantil-em-sume-acontece-neste-sabado\/","title":{"rendered":"Dia D da Campanha Contra o Trabalho Infantil em Sum\u00e9 acontece neste s\u00e1bado"},"content":{"rendered":"\n<p>A Campanha Contra o Trabalho Infantil da Prefeitura de Sum\u00e9 realiza o Dia D, neste s\u00e1bado (08\/06), no Distrito de Pio X.<br> A programa\u00e7\u00e3o consta de palestra, entrega de material informativo e tamb\u00e9m participa\u00e7\u00e3o da Rede de Prote\u00e7\u00e3o Socioassistencial do munic\u00edpio com apresenta\u00e7\u00e3o do Grupo de Idosos Alegria de Viver e dos Servi\u00e7os de Conviv\u00eancia e Fortalecimento de V\u00ednculos (SCFV).<br> A programa\u00e7\u00e3o tem in\u00edcio \u00e0s 18h e se estende at\u00e9 as 20h.<\/p>\n","protected":false},"excerpt":{"rendered":"<p>A Campanha Contra o Trabalho Infantil da Prefeitura de Sum\u00e9 realiza o Dia D, neste s\u00e1bado (08\/06), no Distrito de Pio X. A programa\u00e7\u00e3o consta&hellip; <\/p>\n","protected":false},"author":1,"featured_media":98583,"comment_status":"closed","ping_status":"closed","sticky":false,"template":"","format":"standard","meta":{"sfsi_plus_gutenberg_text_before_share":"","sfsi_plus_gutenberg_show_text_before_share":"","sfsi_plus_gutenberg_icon_type":"","sfsi_plus_gutenberg_icon_alignemt":"","sfsi_plus_gutenburg_max_per_row":"","footnotes":""},"categories":[6],"tags":[],"class_list":["post-98582","post","type-post","status-publish","format-standard","has-post-thumbnail","hentry","category-cidades"],"_links":{"self":[{"href":"https:\/\/www.caririemacao.com\/1\/wp-json\/wp\/v2\/posts\/98582","targetHints":{"allow":["GET"]}}],"collection":[{"href":"https:\/\/www.caririemacao.com\/1\/wp-json\/wp\/v2\/posts"}],"about":[{"href":"https:\/\/www.caririemacao.com\/1\/wp-json\/wp\/v2\/types\/post"}],"author":[{"embeddable":true,"href":"https:\/\/www.caririemacao.com\/1\/wp-json\/wp\/v2\/users\/1"}],"replies":[{"embeddable":true,"href":"https:\/\/www.caririemacao.com\/1\/wp-json\/wp\/v2\/comments?post=98582"}],"version-history":[{"count":1,"href":"https:\/\/www.caririemacao.com\/1\/wp-json\/wp\/v2\/posts\/98582\/revisions"}],"predecessor-version":[{"id":98584,"href":"https:\/\/www.caririemacao.com\/1\/wp-json\/wp\/v2\/posts\/98582\/revisions\/98584"}],"wp:featuredmedia":[{"embeddable":true,"href":"https:\/\/www.caririemacao.com\/1\/wp-json\/wp\/v2\/media\/98583"}],"wp:attachment":[{"href":"https:\/\/www.caririemacao.com\/1\/wp-json\/wp\/v2\/media?parent=98582"}],"wp:term":[{"taxonomy":"category","embeddable":true,"href":"https:\/\/www.caririemacao.com\/1\/wp-json\/wp\/v2\/categories?post=98582"},{"taxonomy":"post_tag","embeddable":true,"href":"https:\/\/www.caririemacao.com\/1\/wp-json\/wp\/v2\/tags?post=98582"}],"curies":[{"name":"wp","href":"https:\/\/api.w.org\/{rel}","templated":true}]}}