{"id":98588,"date":"2019-06-07T12:21:27","date_gmt":"2019-06-07T15:21:27","guid":{"rendered":"http:\/\/www.caririemacao.com\/1\/?p=98588"},"modified":"2019-06-07T12:21:27","modified_gmt":"2019-06-07T15:21:27","slug":"santanna-abre-sao-joao-de-campina-grande-nesta-sexta","status":"publish","type":"post","link":"https:\/\/www.caririemacao.com\/1\/2019\/06\/07\/santanna-abre-sao-joao-de-campina-grande-nesta-sexta\/","title":{"rendered":"Santanna abre S\u00e3o Jo\u00e3o de Campina Grande nesta sexta"},"content":{"rendered":"\n<p>Santanna \u201cO Cantador\u201d \u00e9 a atra\u00e7\u00e3o principal na abertura do S\u00e3o Jo\u00e3o 2019 de Campina Grande, que acontece nesta sexta-feira (7). O cantor sobe ao palco depois do cancelamento do show de Ivete Sangalo, anunciado na quinta-feira (6). Com isso, al\u00e9m de Santanna, assumem a abertura Fl\u00e1vio Jos\u00e9, Os 3 do Nordeste, Genival Lacerda e Pedrinho Pega\u00e7\u00e3o.<\/p>\n\n\n\n<p>Conforme a assessoria da Medow Promo, empresa que organiza o evento, nesta sexta-feira os port\u00f5es do Parque do Povo estar\u00e3o abertos ao p\u00fablico \u00e0s 19h. A partir desse hor\u00e1rio, j\u00e1 estar\u00e3o com atra\u00e7\u00f5es as Ilhas de Forr\u00f3 e o palco cultural Ipiranga, localizado no piso inferior do local.<\/p>\n\n\n\n<p>Segundo a organiza\u00e7\u00e3o, as atra\u00e7\u00f5es no palco principal, localizado na arena de shows do Parque do Povo, come\u00e7am a partir das 21h. O primeiro a subir ao palco \u00e9 o cantor Genival Lacerda. Em seguida, a apresenta\u00e7\u00e3o fica por conta do trio de forr\u00f3 Os 3 do Nordeste. Depois sobe ao palco Santtana \u201cO Cantador\u201d, com participa\u00e7\u00e3o de Fl\u00e1vio Jos\u00e9 e, por fim, Pedrinho Pega\u00e7\u00e3o.<\/p>\n\n\n\n<p><strong>Ordem das atra\u00e7\u00f5es no 1\u00ba dia de festa<\/strong><\/p>\n\n\n\n<p>21h \u2013 Genival Lacerda<br>22h \u2013 Os 3 do Nordeste<br>0h \u2013 Santanna \u201cO Cantador\u201d (com participa\u00e7\u00e3o de Fl\u00e1vio Jos\u00e9)<br>2h \u2013 Pedrinho Pega\u00e7\u00e3o<\/p>\n","protected":false},"excerpt":{"rendered":"<p>Santanna \u201cO Cantador\u201d \u00e9 a atra\u00e7\u00e3o principal na abertura do S\u00e3o Jo\u00e3o 2019 de Campina Grande, que acontece nesta sexta-feira (7). O cantor sobe ao&hellip; <\/p>\n","protected":false},"author":1,"featured_media":98589,"comment_status":"closed","ping_status":"closed","sticky":false,"template":"","format":"standard","meta":{"sfsi_plus_gutenberg_text_before_share":"","sfsi_plus_gutenberg_show_text_before_share":"","sfsi_plus_gutenberg_icon_type":"","sfsi_plus_gutenberg_icon_alignemt":"","sfsi_plus_gutenburg_max_per_row":"","footnotes":""},"categories":[2],"tags":[],"class_list":["post-98588","post","type-post","status-publish","format-standard","has-post-thumbnail","hentry","category-geral"],"_links":{"self":[{"href":"https:\/\/www.caririemacao.com\/1\/wp-json\/wp\/v2\/posts\/98588","targetHints":{"allow":["GET"]}}],"collection":[{"href":"https:\/\/www.caririemacao.com\/1\/wp-json\/wp\/v2\/posts"}],"about":[{"href":"https:\/\/www.caririemacao.com\/1\/wp-json\/wp\/v2\/types\/post"}],"author":[{"embeddable":true,"href":"https:\/\/www.caririemacao.com\/1\/wp-json\/wp\/v2\/users\/1"}],"replies":[{"embeddable":true,"href":"https:\/\/www.caririemacao.com\/1\/wp-json\/wp\/v2\/comments?post=98588"}],"version-history":[{"count":1,"href":"https:\/\/www.caririemacao.com\/1\/wp-json\/wp\/v2\/posts\/98588\/revisions"}],"predecessor-version":[{"id":98590,"href":"https:\/\/www.caririemacao.com\/1\/wp-json\/wp\/v2\/posts\/98588\/revisions\/98590"}],"wp:featuredmedia":[{"embeddable":true,"href":"https:\/\/www.caririemacao.com\/1\/wp-json\/wp\/v2\/media\/98589"}],"wp:attachment":[{"href":"https:\/\/www.caririemacao.com\/1\/wp-json\/wp\/v2\/media?parent=98588"}],"wp:term":[{"taxonomy":"category","embeddable":true,"href":"https:\/\/www.caririemacao.com\/1\/wp-json\/wp\/v2\/categories?post=98588"},{"taxonomy":"post_tag","embeddable":true,"href":"https:\/\/www.caririemacao.com\/1\/wp-json\/wp\/v2\/tags?post=98588"}],"curies":[{"name":"wp","href":"https:\/\/api.w.org\/{rel}","templated":true}]}}