{"id":98593,"date":"2019-06-07T12:24:34","date_gmt":"2019-06-07T15:24:34","guid":{"rendered":"http:\/\/www.caririemacao.com\/1\/?p=98593"},"modified":"2019-06-07T12:24:34","modified_gmt":"2019-06-07T15:24:34","slug":"auditores-fiscais-apreendem-carga-de-produtos-eletricos-no-municipio-de-monteiro","status":"publish","type":"post","link":"https:\/\/www.caririemacao.com\/1\/2019\/06\/07\/auditores-fiscais-apreendem-carga-de-produtos-eletricos-no-municipio-de-monteiro\/","title":{"rendered":"Auditores fiscais apreendem carga de produtos el\u00e9tricos no munic\u00edpio de Monteiro"},"content":{"rendered":"\n<p>Auditores fiscais do Posto Fiscal Silvino N\u00f3brega (Pernambuquinho), no munic\u00edpio de Monteiro, apreenderam produtos el\u00e9tricos sem documenta\u00e7\u00e3o fiscal avaliada, ap\u00f3s contabilidade, em R$ 62.962,96 nessa quinta-feira (6). O posto fiscal Pernambuquinho, que fica localizado na BR-412, pertence \u00e0 3\u00aa Ger\u00eancia Regional da Secretaria de Estado da Fazenda (Sefaz-PB).<\/p>\n\n\n\n<p>A a\u00e7\u00e3o fiscal, que gerou a autua\u00e7\u00e3o e apreens\u00e3o dos produtos, veio por meio do trabalho de intelig\u00eancia fiscal dos auditores do Posto, pois os il\u00edcitos eram de parte da carga transportada no caminh\u00e3o. Ap\u00f3s a lavratura do auto de infra\u00e7\u00e3o e detectar os produtos sem documento fiscal no caminh\u00e3o, os auditores fiscais fizeram o levantamento e contabilidade para calcular o tributo e a multa que somaram R$ 17 mil, sendo R$ 11.333,34 de ICMS, e de R$5.666,66 de multa.<\/p>\n\n\n\n<p><strong>A\u00e7\u00f5es fiscais intensificadas pela Sefaz-PB<\/strong><\/p>\n\n\n\n<p>A Secretaria de Estado da Fazenda tem intensificado o trabalho de fiscaliza\u00e7\u00e3o em tr\u00e2nsito e nos postos fiscais dos cinco n\u00facleos, promovendo inclusive blitz m\u00f3vel. O objetivo \u00e9 combater \u00e0 sonega\u00e7\u00e3o fiscal e coibir a circula\u00e7\u00e3o de mercadoria com documenta\u00e7\u00e3o inid\u00f4nea, pendente de regularidade ou sem nota fiscal e, ao mesmo tempo, promover a pr\u00e1tica de concorr\u00eancia leal no mercado, como forma de alcan\u00e7ar um ambiente de neg\u00f3cios mais justo.<\/p>\n","protected":false},"excerpt":{"rendered":"<p>Auditores fiscais do Posto Fiscal Silvino N\u00f3brega (Pernambuquinho), no munic\u00edpio de Monteiro, apreenderam produtos el\u00e9tricos sem documenta\u00e7\u00e3o fiscal avaliada, ap\u00f3s contabilidade, em R$ 62.962,96 nessa&hellip; <\/p>\n","protected":false},"author":1,"featured_media":98595,"comment_status":"closed","ping_status":"closed","sticky":false,"template":"","format":"standard","meta":{"sfsi_plus_gutenberg_text_before_share":"","sfsi_plus_gutenberg_show_text_before_share":"","sfsi_plus_gutenberg_icon_type":"","sfsi_plus_gutenberg_icon_alignemt":"","sfsi_plus_gutenburg_max_per_row":"","footnotes":""},"categories":[12],"tags":[],"class_list":["post-98593","post","type-post","status-publish","format-standard","has-post-thumbnail","hentry","category-policia"],"_links":{"self":[{"href":"https:\/\/www.caririemacao.com\/1\/wp-json\/wp\/v2\/posts\/98593","targetHints":{"allow":["GET"]}}],"collection":[{"href":"https:\/\/www.caririemacao.com\/1\/wp-json\/wp\/v2\/posts"}],"about":[{"href":"https:\/\/www.caririemacao.com\/1\/wp-json\/wp\/v2\/types\/post"}],"author":[{"embeddable":true,"href":"https:\/\/www.caririemacao.com\/1\/wp-json\/wp\/v2\/users\/1"}],"replies":[{"embeddable":true,"href":"https:\/\/www.caririemacao.com\/1\/wp-json\/wp\/v2\/comments?post=98593"}],"version-history":[{"count":1,"href":"https:\/\/www.caririemacao.com\/1\/wp-json\/wp\/v2\/posts\/98593\/revisions"}],"predecessor-version":[{"id":98596,"href":"https:\/\/www.caririemacao.com\/1\/wp-json\/wp\/v2\/posts\/98593\/revisions\/98596"}],"wp:featuredmedia":[{"embeddable":true,"href":"https:\/\/www.caririemacao.com\/1\/wp-json\/wp\/v2\/media\/98595"}],"wp:attachment":[{"href":"https:\/\/www.caririemacao.com\/1\/wp-json\/wp\/v2\/media?parent=98593"}],"wp:term":[{"taxonomy":"category","embeddable":true,"href":"https:\/\/www.caririemacao.com\/1\/wp-json\/wp\/v2\/categories?post=98593"},{"taxonomy":"post_tag","embeddable":true,"href":"https:\/\/www.caririemacao.com\/1\/wp-json\/wp\/v2\/tags?post=98593"}],"curies":[{"name":"wp","href":"https:\/\/api.w.org\/{rel}","templated":true}]}}