{"id":98601,"date":"2019-06-07T12:44:25","date_gmt":"2019-06-07T15:44:25","guid":{"rendered":"http:\/\/www.caririemacao.com\/1\/?p=98601"},"modified":"2019-06-07T12:44:25","modified_gmt":"2019-06-07T15:44:25","slug":"prf-inicia-operacao-festas-juninas-na-paraiba-com-novo-bafometro","status":"publish","type":"post","link":"https:\/\/www.caririemacao.com\/1\/2019\/06\/07\/prf-inicia-operacao-festas-juninas-na-paraiba-com-novo-bafometro\/","title":{"rendered":"PRF inicia opera\u00e7\u00e3o festas juninas na Para\u00edba com \u2018novo\u2019 baf\u00f4metro"},"content":{"rendered":"\n<p>A Pol\u00edcia Rodovi\u00e1ria Federal da Para\u00edba (PRF-PB) contar\u00e1 com uma novidade especial para Opera\u00e7\u00e3o Festejos Juninos 2019, que come\u00e7a nesta sexta-feira (7). Trata-se do etil\u00f4metro passivo. O novo aparelho pode ser utilizado com o motorista ainda \u00e0 bordo do ve\u00edculo. Sem contato f\u00edsico, ele precisa apenas assoprar na dire\u00e7\u00e3o do baf\u00f4metro. Caso haja alguma indica\u00e7\u00e3o de \u00e1lcool no ar expelido, o aparelho aciona uma luz vermelha e o condutor precisar\u00e1 sair do carro ou moto para realizar o teste com o etil\u00f4metro tradicional.<\/p>\n\n\n\n<p>O objetivo \u00e9 agilizar a fiscaliza\u00e7\u00e3o de alcoolemia. A grande preocupa\u00e7\u00e3o da PRF neste per\u00edodo \u00e9 o consumo de bebida alco\u00f3licas associado \u00e0 dire\u00e7\u00e3o de ve\u00edculos. Essa conduta \u00e9 a causa principal de muitos acidentes graves registrados durante as festas juninas. Para coibir essa pr\u00e1tica, a PRF ir\u00e1 intensificar o uso dos etil\u00f4metros nas fiscaliza\u00e7\u00f5es em sa\u00eddas de festas \u00e0s margens da rodovia, bem como durante as abordagens policiais.<\/p>\n\n\n\n<p>A Opera\u00e7\u00e3o ser\u00e1 realizada durante todo o m\u00eas de junho nos trechos com maior fluxo de ve\u00edculos e com maiores \u00edndices de acidentes e crimes. A a\u00e7\u00e3o visa, al\u00e9m da diminui\u00e7\u00e3o do n\u00famero e a letalidade dos acidentes, garantir seguran\u00e7a e fluidez do tr\u00e2nsito aos usu\u00e1rios das rodovias federais, bem como intensificar as a\u00e7\u00f5es de combate ao crime.<\/p>\n\n\n\n<p>Durante o m\u00eas de junho, h\u00e1 um aumento relevante do fluxo de ve\u00edculos nas rodovias federais, principalmente no Nordeste do pa\u00eds, tendo em vista o seu aspecto cultural que atrai turistas de todo o Brasil. Para reduzir o n\u00famero de acidentes e coibir a pr\u00e1tica de crimes, a PRF refor\u00e7ar\u00e1 o policiamento com policiais de outras Unidades da Federa\u00e7\u00e3o e intensificar\u00e1 o uso dos etil\u00f4metros. Al\u00e9m da fiscaliza\u00e7\u00e3o com viaturas de quatro rodas, o Grupo de Motociclismo tamb\u00e9m ir\u00e1 atuar durante todo o m\u00eas em pontos estrat\u00e9gicos.<\/p>\n\n\n\n<p><strong>MaisPB<\/strong><\/p>\n","protected":false},"excerpt":{"rendered":"<p>A Pol\u00edcia Rodovi\u00e1ria Federal da Para\u00edba (PRF-PB) contar\u00e1 com uma novidade especial para Opera\u00e7\u00e3o Festejos Juninos 2019, que come\u00e7a nesta sexta-feira (7). Trata-se do etil\u00f4metro&hellip; <\/p>\n","protected":false},"author":1,"featured_media":91920,"comment_status":"closed","ping_status":"closed","sticky":false,"template":"","format":"standard","meta":{"sfsi_plus_gutenberg_text_before_share":"","sfsi_plus_gutenberg_show_text_before_share":"","sfsi_plus_gutenberg_icon_type":"","sfsi_plus_gutenberg_icon_alignemt":"","sfsi_plus_gutenburg_max_per_row":"","footnotes":""},"categories":[12],"tags":[],"class_list":["post-98601","post","type-post","status-publish","format-standard","has-post-thumbnail","hentry","category-policia"],"_links":{"self":[{"href":"https:\/\/www.caririemacao.com\/1\/wp-json\/wp\/v2\/posts\/98601","targetHints":{"allow":["GET"]}}],"collection":[{"href":"https:\/\/www.caririemacao.com\/1\/wp-json\/wp\/v2\/posts"}],"about":[{"href":"https:\/\/www.caririemacao.com\/1\/wp-json\/wp\/v2\/types\/post"}],"author":[{"embeddable":true,"href":"https:\/\/www.caririemacao.com\/1\/wp-json\/wp\/v2\/users\/1"}],"replies":[{"embeddable":true,"href":"https:\/\/www.caririemacao.com\/1\/wp-json\/wp\/v2\/comments?post=98601"}],"version-history":[{"count":1,"href":"https:\/\/www.caririemacao.com\/1\/wp-json\/wp\/v2\/posts\/98601\/revisions"}],"predecessor-version":[{"id":98602,"href":"https:\/\/www.caririemacao.com\/1\/wp-json\/wp\/v2\/posts\/98601\/revisions\/98602"}],"wp:featuredmedia":[{"embeddable":true,"href":"https:\/\/www.caririemacao.com\/1\/wp-json\/wp\/v2\/media\/91920"}],"wp:attachment":[{"href":"https:\/\/www.caririemacao.com\/1\/wp-json\/wp\/v2\/media?parent=98601"}],"wp:term":[{"taxonomy":"category","embeddable":true,"href":"https:\/\/www.caririemacao.com\/1\/wp-json\/wp\/v2\/categories?post=98601"},{"taxonomy":"post_tag","embeddable":true,"href":"https:\/\/www.caririemacao.com\/1\/wp-json\/wp\/v2\/tags?post=98601"}],"curies":[{"name":"wp","href":"https:\/\/api.w.org\/{rel}","templated":true}]}}