{"id":98605,"date":"2019-06-07T12:48:26","date_gmt":"2019-06-07T15:48:26","guid":{"rendered":"http:\/\/www.caririemacao.com\/1\/?p=98605"},"modified":"2019-06-07T12:48:26","modified_gmt":"2019-06-07T15:48:26","slug":"inscricoes-do-sisu-2019-2-terminam-hoje","status":"publish","type":"post","link":"https:\/\/www.caririemacao.com\/1\/2019\/06\/07\/inscricoes-do-sisu-2019-2-terminam-hoje\/","title":{"rendered":"Inscri\u00e7\u00f5es do Sisu 2019.2 terminam hoje"},"content":{"rendered":"\n<p>Termina nesta sexta-feira (7) o prazo de inscri\u00e7\u00f5es para o Sistema de Sele\u00e7\u00e3o Unificada (Sisu) 2019.2. Ao todo, na Para\u00edba, est\u00e3o sendo ofertadas 4.720 vagas entre Universidade Federal da Para\u00edba (UFPB), Universidade Federal de Campina Grande (UFCG) e Universidade Estadual da Para\u00edba (UEPB).<\/p>\n\n\n\n<p>As inscri\u00e7\u00f5es s\u00e3o realizadas apenas pelo site do Sisu, e o resultado da chamada regular j\u00e1 ser\u00e1 revelado na pr\u00f3xima segunda-feira (10). S\u00e3o 340 vagas ofertadas pela UFPB, 1.535 pela UFCG e outras 2.845 pela UEPB.&nbsp;<a href=\"http:\/\/www.sisu.mec.gov.br\/\">Clique aqui<\/a>&nbsp;para conferir as oportunidades por curso e institui\u00e7\u00e3o, e tamb\u00e9m para fazer a inscri\u00e7\u00e3o.<\/p>\n\n\n\n<p>De acordo com o cronograma do Sisu 2019.2, o prazo para participar da lista de espera ser\u00e1 de 11 a&nbsp;17 de junho.&nbsp;&nbsp;J\u00e1 o da matr\u00edcula da chamada regular, de 12 a 17 do mesmo m\u00eas.&nbsp;&nbsp;A convoca\u00e7\u00e3o dos candidatos em lista de espera ocorrer\u00e1 a partir de&nbsp;19 de junho.<\/p>\n\n\n\n<p><strong>MaisPB<\/strong><\/p>\n","protected":false},"excerpt":{"rendered":"<p>Termina nesta sexta-feira (7) o prazo de inscri\u00e7\u00f5es para o Sistema de Sele\u00e7\u00e3o Unificada (Sisu) 2019.2. Ao todo, na Para\u00edba, est\u00e3o sendo ofertadas 4.720 vagas&hellip; <\/p>\n","protected":false},"author":1,"featured_media":95909,"comment_status":"closed","ping_status":"closed","sticky":false,"template":"","format":"standard","meta":{"sfsi_plus_gutenberg_text_before_share":"","sfsi_plus_gutenberg_show_text_before_share":"","sfsi_plus_gutenberg_icon_type":"","sfsi_plus_gutenberg_icon_alignemt":"","sfsi_plus_gutenburg_max_per_row":"","footnotes":""},"categories":[50,14],"tags":[],"class_list":["post-98605","post","type-post","status-publish","format-standard","has-post-thumbnail","hentry","category-destaque","category-educacao"],"_links":{"self":[{"href":"https:\/\/www.caririemacao.com\/1\/wp-json\/wp\/v2\/posts\/98605","targetHints":{"allow":["GET"]}}],"collection":[{"href":"https:\/\/www.caririemacao.com\/1\/wp-json\/wp\/v2\/posts"}],"about":[{"href":"https:\/\/www.caririemacao.com\/1\/wp-json\/wp\/v2\/types\/post"}],"author":[{"embeddable":true,"href":"https:\/\/www.caririemacao.com\/1\/wp-json\/wp\/v2\/users\/1"}],"replies":[{"embeddable":true,"href":"https:\/\/www.caririemacao.com\/1\/wp-json\/wp\/v2\/comments?post=98605"}],"version-history":[{"count":1,"href":"https:\/\/www.caririemacao.com\/1\/wp-json\/wp\/v2\/posts\/98605\/revisions"}],"predecessor-version":[{"id":98606,"href":"https:\/\/www.caririemacao.com\/1\/wp-json\/wp\/v2\/posts\/98605\/revisions\/98606"}],"wp:featuredmedia":[{"embeddable":true,"href":"https:\/\/www.caririemacao.com\/1\/wp-json\/wp\/v2\/media\/95909"}],"wp:attachment":[{"href":"https:\/\/www.caririemacao.com\/1\/wp-json\/wp\/v2\/media?parent=98605"}],"wp:term":[{"taxonomy":"category","embeddable":true,"href":"https:\/\/www.caririemacao.com\/1\/wp-json\/wp\/v2\/categories?post=98605"},{"taxonomy":"post_tag","embeddable":true,"href":"https:\/\/www.caririemacao.com\/1\/wp-json\/wp\/v2\/tags?post=98605"}],"curies":[{"name":"wp","href":"https:\/\/api.w.org\/{rel}","templated":true}]}}