{"id":98616,"date":"2019-06-07T13:02:08","date_gmt":"2019-06-07T16:02:08","guid":{"rendered":"http:\/\/www.caririemacao.com\/1\/?p=98616"},"modified":"2019-06-07T13:02:08","modified_gmt":"2019-06-07T16:02:08","slug":"ufcg-divulga-retificacoes-ao-edital-do-concurso-para-tecnico-administrativos","status":"publish","type":"post","link":"https:\/\/www.caririemacao.com\/1\/2019\/06\/07\/ufcg-divulga-retificacoes-ao-edital-do-concurso-para-tecnico-administrativos\/","title":{"rendered":"UFCG divulga retifica\u00e7\u00f5es ao edital do concurso para t\u00e9cnico-administrativos"},"content":{"rendered":"\n<p>A Universidade Federal de Campina Grande (UFCG) publicou nesta sexta-feira (7), retifica\u00e7\u00f5es ao edital do concurso que est\u00e1 disponibilizando 86 vagas para servidores t\u00e9cnico-administrativos.&nbsp;<\/p>\n\n\n\n<p><a href=\"https:\/\/www.clickpb.com.br\/media\/filer_public\/a4\/fe\/a4fe3feb-2e31-46d6-b156-2326906453d1\/edital_no_4_-_2019_-_concurso_ta_-_1a_retificacao_do_edital_no_1-2019.pdf\">Confira as retifica\u00e7\u00f5es<\/a><br><a href=\"https:\/\/www.clickpb.com.br\/media\/filer_public\/05\/a5\/05a535b9-5924-4f52-81fc-7f50b159c100\/edital_no_5_-_2019_-_concurso_ta_-_1a_retificacao_do_edital_3-2019.pdf\">Confira a segunda retifica\u00e7\u00e3o<\/a><\/p>\n\n\n\n<p>Dentre os requisitos retificados, a exig\u00eancia de curso t\u00e9cnico para o cargo de Assistente em Administra\u00e7\u00e3o,&nbsp;passou a exigir apenas o Ensino M\u00e9dio Profissionalizante ou M\u00e9dio Completo.<br><\/p>\n\n\n\n<p>As vagas est\u00e3o distribu\u00eddas em 36 cargos de n\u00edveis M\u00e9dio, T\u00e9cnico e Superior, com vencimentos b\u00e1sicos que variam de R$ 1.945,07 a R$ 4.180,66, mais Aux\u00edlio Alimenta\u00e7\u00e3o (R$ 480). Das 86 vagas, 11 s\u00e3o para negros e 7 para pessoas com defici\u00eancia (cotas).<\/p>\n\n\n\n<p>Os aprovados poder\u00e3o ser nomeados para investidura no cargo em qualquer um dos sete campi da institui\u00e7\u00e3o, localizados nas cidades de Campina Grande, Cajazeiras, Cuit\u00e9, Patos, Pombal, Sousa e Sum\u00e9.<\/p>\n\n\n\n<p>As inscri\u00e7\u00f5es estar\u00e3o abertas a partir das 15h do dia 1\u00ba de julho at\u00e9 23h59min do dia 23 do mesmo m\u00eas. Ser\u00e3o realizadas exclusivamente pela internet, no site da Comiss\u00e3o de Processos Vestibulares (Comprov), com taxas de inscri\u00e7\u00e3o nos valores de R$ 48 (classe C), R$ 61 (classe D) e R$ 104 (classe E).<\/p>\n\n\n\n<p>A aplica\u00e7\u00e3o da prova escrita objetiva est\u00e1 prevista para ser realizada no dia 15 de setembro, nas cidades de Campina Grande, Patos e Cajazeiras, das 9h \u00e0s 12h (hor\u00e1rio local). A divulga\u00e7\u00e3o do resultado final para os cargos sem prova pr\u00e1tica est\u00e1 marcada para o dia 22 de novembro. De 30 a 31 de novembro, ser\u00e3o realizadas as prova pr\u00e1ticas para os cargos de Tradutor e Int\u00e9rprete de Linguagem de Sinais e de Revisor de Textos Braille.<\/p>\n\n\n\n<p>O resultado final para os cargos com Prova Pr\u00e1tica sair\u00e1 no dia 20 de dezembro.<\/p>\n","protected":false},"excerpt":{"rendered":"<p>A Universidade Federal de Campina Grande (UFCG) publicou nesta sexta-feira (7), retifica\u00e7\u00f5es ao edital do concurso que est\u00e1 disponibilizando 86 vagas para servidores t\u00e9cnico-administrativos.&nbsp; Confira&hellip; <\/p>\n","protected":false},"author":1,"featured_media":3662,"comment_status":"closed","ping_status":"closed","sticky":false,"template":"","format":"standard","meta":{"sfsi_plus_gutenberg_text_before_share":"","sfsi_plus_gutenberg_show_text_before_share":"","sfsi_plus_gutenberg_icon_type":"","sfsi_plus_gutenberg_icon_alignemt":"","sfsi_plus_gutenburg_max_per_row":"","footnotes":""},"categories":[50,14],"tags":[],"class_list":["post-98616","post","type-post","status-publish","format-standard","has-post-thumbnail","hentry","category-destaque","category-educacao"],"_links":{"self":[{"href":"https:\/\/www.caririemacao.com\/1\/wp-json\/wp\/v2\/posts\/98616","targetHints":{"allow":["GET"]}}],"collection":[{"href":"https:\/\/www.caririemacao.com\/1\/wp-json\/wp\/v2\/posts"}],"about":[{"href":"https:\/\/www.caririemacao.com\/1\/wp-json\/wp\/v2\/types\/post"}],"author":[{"embeddable":true,"href":"https:\/\/www.caririemacao.com\/1\/wp-json\/wp\/v2\/users\/1"}],"replies":[{"embeddable":true,"href":"https:\/\/www.caririemacao.com\/1\/wp-json\/wp\/v2\/comments?post=98616"}],"version-history":[{"count":1,"href":"https:\/\/www.caririemacao.com\/1\/wp-json\/wp\/v2\/posts\/98616\/revisions"}],"predecessor-version":[{"id":98617,"href":"https:\/\/www.caririemacao.com\/1\/wp-json\/wp\/v2\/posts\/98616\/revisions\/98617"}],"wp:featuredmedia":[{"embeddable":true,"href":"https:\/\/www.caririemacao.com\/1\/wp-json\/wp\/v2\/media\/3662"}],"wp:attachment":[{"href":"https:\/\/www.caririemacao.com\/1\/wp-json\/wp\/v2\/media?parent=98616"}],"wp:term":[{"taxonomy":"category","embeddable":true,"href":"https:\/\/www.caririemacao.com\/1\/wp-json\/wp\/v2\/categories?post=98616"},{"taxonomy":"post_tag","embeddable":true,"href":"https:\/\/www.caririemacao.com\/1\/wp-json\/wp\/v2\/tags?post=98616"}],"curies":[{"name":"wp","href":"https:\/\/api.w.org\/{rel}","templated":true}]}}