{"id":98622,"date":"2019-06-07T13:08:50","date_gmt":"2019-06-07T16:08:50","guid":{"rendered":"http:\/\/www.caririemacao.com\/1\/?p=98622"},"modified":"2019-06-07T13:08:50","modified_gmt":"2019-06-07T16:08:50","slug":"na-argentina-bolsonaro-interrompe-jornalista-da-folha-e-diz-que-esta-apaixonado-por-ela","status":"publish","type":"post","link":"https:\/\/www.caririemacao.com\/1\/2019\/06\/07\/na-argentina-bolsonaro-interrompe-jornalista-da-folha-e-diz-que-esta-apaixonado-por-ela\/","title":{"rendered":"Na Argentina, Bolsonaro interrompe jornalista da Folha e diz que est\u00e1 \u201capaixonado\u201d por ela"},"content":{"rendered":"\n<p>Em entrevista nesta quinta-feira (6), ap\u00f3s encontro com o presidente argentino Maur\u00edcio Macri, Jair Bolsonaro interrompeu a rep\u00f3rter da Folha de S.Paulo, Sylvia Colombo, para dizer que est\u00e1 \u201capaixonado\u201d por ela.<\/p>\n\n\n\n<p>Ao ser questionado sobre a entrega de credenciais diplom\u00e1ticas a embaixadora da Venezuela que foi proclamada pelo l\u00edder oposicionista Juan Guaid\u00f3, Bolsonaro interrompeu a jornalista, dizendo que recebeu as credenciais e que \u201ctudo havia sido acertado comigo\u201d. \u201cEu sou uma pessoa do di\u00e1logo, pode ter certeza disso.\u201d Depois, disparou: \u201cAcho que estou apaixonado por voc\u00ea\u201d.<\/p>\n\n\n\n<p>A rep\u00f3rter ent\u00e3o respondeu: \u201c\u00c9? Eu sou da Folha de S.Paulo. Novidade para voc\u00ea\u201d, ao que Bolsonaro, rindo, em momento de descontra\u00e7\u00e3o, completa: \u201cParab\u00e9ns \u00e0 Folha. Contratou algu\u00e9m que sabe fazer perguntas\u201d.<\/p>\n\n\n\n<p>A jornalista\u00a0tuitou o v\u00eddeo do momento\u00a0e indagou: \u201cHoje me aconteceu isso\u2026 interpretem!\u201d<\/p>\n\n\n\n<figure><iframe width=\"560\" height=\"315\" data-src=\"https:\/\/www.youtube.com\/embed\/ZgSj-5sg9o8\" allowfullscreen=\"\" src=\"data:image\/svg+xml;base64,PHN2ZyB3aWR0aD0iMSIgaGVpZ2h0PSIxIiB4bWxucz0iaHR0cDovL3d3dy53My5vcmcvMjAwMC9zdmciPjwvc3ZnPg==\" class=\"lazyload\" data-load-mode=\"1\"><\/iframe><\/figure>\n","protected":false},"excerpt":{"rendered":"<p>Em entrevista nesta quinta-feira (6), ap\u00f3s encontro com o presidente argentino Maur\u00edcio Macri, Jair Bolsonaro interrompeu a rep\u00f3rter da Folha de S.Paulo, Sylvia Colombo, para&hellip; <\/p>\n","protected":false},"author":1,"featured_media":95246,"comment_status":"closed","ping_status":"closed","sticky":false,"template":"","format":"standard","meta":{"sfsi_plus_gutenberg_text_before_share":"","sfsi_plus_gutenberg_show_text_before_share":"","sfsi_plus_gutenberg_icon_type":"","sfsi_plus_gutenberg_icon_alignemt":"","sfsi_plus_gutenburg_max_per_row":"","footnotes":""},"categories":[11],"tags":[],"class_list":["post-98622","post","type-post","status-publish","format-standard","has-post-thumbnail","hentry","category-politica"],"_links":{"self":[{"href":"https:\/\/www.caririemacao.com\/1\/wp-json\/wp\/v2\/posts\/98622","targetHints":{"allow":["GET"]}}],"collection":[{"href":"https:\/\/www.caririemacao.com\/1\/wp-json\/wp\/v2\/posts"}],"about":[{"href":"https:\/\/www.caririemacao.com\/1\/wp-json\/wp\/v2\/types\/post"}],"author":[{"embeddable":true,"href":"https:\/\/www.caririemacao.com\/1\/wp-json\/wp\/v2\/users\/1"}],"replies":[{"embeddable":true,"href":"https:\/\/www.caririemacao.com\/1\/wp-json\/wp\/v2\/comments?post=98622"}],"version-history":[{"count":1,"href":"https:\/\/www.caririemacao.com\/1\/wp-json\/wp\/v2\/posts\/98622\/revisions"}],"predecessor-version":[{"id":98623,"href":"https:\/\/www.caririemacao.com\/1\/wp-json\/wp\/v2\/posts\/98622\/revisions\/98623"}],"wp:featuredmedia":[{"embeddable":true,"href":"https:\/\/www.caririemacao.com\/1\/wp-json\/wp\/v2\/media\/95246"}],"wp:attachment":[{"href":"https:\/\/www.caririemacao.com\/1\/wp-json\/wp\/v2\/media?parent=98622"}],"wp:term":[{"taxonomy":"category","embeddable":true,"href":"https:\/\/www.caririemacao.com\/1\/wp-json\/wp\/v2\/categories?post=98622"},{"taxonomy":"post_tag","embeddable":true,"href":"https:\/\/www.caririemacao.com\/1\/wp-json\/wp\/v2\/tags?post=98622"}],"curies":[{"name":"wp","href":"https:\/\/api.w.org\/{rel}","templated":true}]}}