{"id":98625,"date":"2019-06-07T13:26:58","date_gmt":"2019-06-07T16:26:58","guid":{"rendered":"http:\/\/www.caririemacao.com\/1\/?p=98625"},"modified":"2019-06-07T13:26:58","modified_gmt":"2019-06-07T16:26:58","slug":"governador-afirma-que-nao-ha-como-pais-se-desenvolver-com-cortes-na-educacao","status":"publish","type":"post","link":"https:\/\/www.caririemacao.com\/1\/2019\/06\/07\/governador-afirma-que-nao-ha-como-pais-se-desenvolver-com-cortes-na-educacao\/","title":{"rendered":"Governador afirma que n\u00e3o h\u00e1 como pa\u00eds se desenvolver com cortes na Educa\u00e7\u00e3o"},"content":{"rendered":"\n<p><br>O governador do Estado da Para\u00edba, Jo\u00e3o Azev\u00eado (PSB), fez um pelo ao presidente da Rep\u00fablica, Jair Bolsonaro (PSL), para que reveja a quest\u00e3o do corte de recursos para o setor da Educa\u00e7\u00e3o e declarou que n\u00e3o h\u00e1 como um pa\u00eds se desenvolver quando h\u00e1 cortes dr\u00e1sticos a um segmento t\u00e3o importante quanto a Educa\u00e7\u00e3o.<\/p>\n\n\n\n<p>A observa\u00e7\u00e3o do governador foi feita nesta quinta-feira (6) por ocasi\u00e3o da solenidade de abertura do F\u00f3rum Nacional do Conselho Nacional das Funda\u00e7\u00f5es Estaduais de Amparo \u00e0 Pesquisa (Confap), que discutiu oportunidades de parcerias nacionais e internacionais em pesquisa e inova\u00e7\u00e3o e como superar as dificuldades financeiras para a pesquisa, em especial, para a p\u00f3s-gradua\u00e7\u00e3o no Brasil.<\/p>\n\n\n\n<figure class=\"wp-block-image\"><img decoding=\"async\" data-src=\"https:\/\/paraibaonline.com.br\/wp-content\/uploads\/2019\/06\/azevedo0706.jpg\" alt=\"Foto: Paraibaonline\" class=\"wp-image-742641 lazyload\" src=\"data:image\/svg+xml;base64,PHN2ZyB3aWR0aD0iMSIgaGVpZ2h0PSIxIiB4bWxucz0iaHR0cDovL3d3dy53My5vcmcvMjAwMC9zdmciPjwvc3ZnPg==\" \/><\/figure>\n\n\n\n<p>Foto: Paraibaonline<\/p>\n\n\n\n<p>O governador externou sua preocupa\u00e7\u00e3o com a educa\u00e7\u00e3o, o t\u00e9rmino do Fundo de Manuten\u00e7\u00e3o e Desenvolvimento da Educa\u00e7\u00e3o B\u00e1sica e de Valoriza\u00e7\u00e3o dos Profissionais da Educa\u00e7\u00e3o (Fundeb), que est\u00e1 previsto para o pr\u00f3ximo ano e se isso acontecer ser\u00e1 um caos para o setor, assim como os cortes de recursos para as universidades e institutos federais.<\/p>\n\n\n\n<p>\u201cN\u00f3s somos contr\u00e1rios a isso porque sabemos da import\u00e2ncia dos investimentos para as institui\u00e7\u00f5es deste pa\u00eds. N\u00e3o se pode fazer com que o Brasil se desenvolva fazendo cortes na Educa\u00e7\u00e3o, que tem que ser tratada com muita seriedade. N\u00f3s esperamos que o governo reverta essa situa\u00e7\u00e3o. N\u00e3o se pode admitir um corte que comprometa o funcionamento das universidades\u201d, explicou.<\/p>\n\n\n\n<p>Azev\u00eado citou ainda como exemplo os hospitais universit\u00e1rios que j\u00e1 est\u00e3o sofrendo com essa medida do governo federal e est\u00e1 bem perto tamb\u00e9m de parar a parte administrativa das universidades. \u201cE isso \u00e9 terr\u00edvel para o sistema de ensino como um todo\u201d, destacou.<\/p>\n","protected":false},"excerpt":{"rendered":"<p>O governador do Estado da Para\u00edba, Jo\u00e3o Azev\u00eado (PSB), fez um pelo ao presidente da Rep\u00fablica, Jair Bolsonaro (PSL), para que reveja a quest\u00e3o do&hellip; <\/p>\n","protected":false},"author":1,"featured_media":98626,"comment_status":"closed","ping_status":"closed","sticky":false,"template":"","format":"standard","meta":{"sfsi_plus_gutenberg_text_before_share":"","sfsi_plus_gutenberg_show_text_before_share":"","sfsi_plus_gutenberg_icon_type":"","sfsi_plus_gutenberg_icon_alignemt":"","sfsi_plus_gutenburg_max_per_row":"","footnotes":""},"categories":[11],"tags":[],"class_list":["post-98625","post","type-post","status-publish","format-standard","has-post-thumbnail","hentry","category-politica"],"_links":{"self":[{"href":"https:\/\/www.caririemacao.com\/1\/wp-json\/wp\/v2\/posts\/98625","targetHints":{"allow":["GET"]}}],"collection":[{"href":"https:\/\/www.caririemacao.com\/1\/wp-json\/wp\/v2\/posts"}],"about":[{"href":"https:\/\/www.caririemacao.com\/1\/wp-json\/wp\/v2\/types\/post"}],"author":[{"embeddable":true,"href":"https:\/\/www.caririemacao.com\/1\/wp-json\/wp\/v2\/users\/1"}],"replies":[{"embeddable":true,"href":"https:\/\/www.caririemacao.com\/1\/wp-json\/wp\/v2\/comments?post=98625"}],"version-history":[{"count":1,"href":"https:\/\/www.caririemacao.com\/1\/wp-json\/wp\/v2\/posts\/98625\/revisions"}],"predecessor-version":[{"id":98627,"href":"https:\/\/www.caririemacao.com\/1\/wp-json\/wp\/v2\/posts\/98625\/revisions\/98627"}],"wp:featuredmedia":[{"embeddable":true,"href":"https:\/\/www.caririemacao.com\/1\/wp-json\/wp\/v2\/media\/98626"}],"wp:attachment":[{"href":"https:\/\/www.caririemacao.com\/1\/wp-json\/wp\/v2\/media?parent=98625"}],"wp:term":[{"taxonomy":"category","embeddable":true,"href":"https:\/\/www.caririemacao.com\/1\/wp-json\/wp\/v2\/categories?post=98625"},{"taxonomy":"post_tag","embeddable":true,"href":"https:\/\/www.caririemacao.com\/1\/wp-json\/wp\/v2\/tags?post=98625"}],"curies":[{"name":"wp","href":"https:\/\/api.w.org\/{rel}","templated":true}]}}