{"id":98629,"date":"2019-06-07T13:33:16","date_gmt":"2019-06-07T16:33:16","guid":{"rendered":"http:\/\/www.caririemacao.com\/1\/?p=98629"},"modified":"2019-06-07T13:33:16","modified_gmt":"2019-06-07T16:33:16","slug":"governo-brasileiro-propoe-moeda-unica-para-a-america-do-sul","status":"publish","type":"post","link":"https:\/\/www.caririemacao.com\/1\/2019\/06\/07\/governo-brasileiro-propoe-moeda-unica-para-a-america-do-sul\/","title":{"rendered":"Governo brasileiro prop\u00f5e moeda \u00fanica para a Am\u00e9rica do Sul"},"content":{"rendered":"\n<p>O presidente da Rep\u00fablica, Jair Bolsonaro, disse hoje (7) que o governo quer uma moeda \u00fanica para toda a Am\u00e9rica do Sul. A proposta foi apresentada ontem pelo ministro da Economia, Paulo Guedes.<\/p>\n\n\n\n<p>Segundo Bolsonaro, a ideia \u00e9 come\u00e7ar pelo Brasil e Argentina, que s\u00e3o os maiores pa\u00edses sul-americanos, e depois expandi-la para outras na\u00e7\u00f5es, se elas desejarem.<\/p>\n\n\n\n<p>\u201cUma fam\u00edlia come\u00e7a com duas pessoas. A ideia foi lan\u00e7ada na Argentina. O que ouvi o Paulo Guedes dizer \u00e9 que ele gostaria que outros pa\u00edses se preocupassem com isso e quem sabe fazer uma moeda \u00fanica aqui na Am\u00e9rica do Sul\u201d.<\/p>\n\n\n\n<figure class=\"wp-block-image\"><img decoding=\"async\" data-src=\"https:\/\/paraibaonline.com.br\/wp-content\/uploads\/2019\/04\/BOLSONARO-6.jpg\" alt=\"Foto: Marcelo Camargo\/Ag\u00eancia Brasil\" class=\"wp-image-703905 lazyload\" src=\"data:image\/svg+xml;base64,PHN2ZyB3aWR0aD0iMSIgaGVpZ2h0PSIxIiB4bWxucz0iaHR0cDovL3d3dy53My5vcmcvMjAwMC9zdmciPjwvc3ZnPg==\" \/><\/figure>\n\n\n\n<p>Foto: Marcelo Camargo\/Ag\u00eancia Brasil<\/p>\n\n\n\n<p>Segundo o presidente, a nova moeda pode representar perdas e ganhos, mas, de um modo geral, o pa\u00eds tem muito mais a ganhar do que perder.<\/p>\n\n\n\n<p>Bolsonaro disse esperar que o Mercosul consiga fechar ainda este ano um acordo comercial com a Uni\u00e3o Europeia. E demonstrou preocupa\u00e7\u00e3o com uma poss\u00edvel elei\u00e7\u00e3o de Cristina Kirchner no pr\u00f3ximo pleito presidencial argentino.<\/p>\n\n\n\n<p>\u201cObviamente existe uma preocupa\u00e7\u00e3o de todos que s\u00e3o amantes da democracia e da liberdade dos destinos que porventura a Argentina possa tomar\u201d, disse durante cerim\u00f4nia de formatura de sargentos da Marinha, no Rio de Janeiro.<\/p>\n","protected":false},"excerpt":{"rendered":"<p>O presidente da Rep\u00fablica, Jair Bolsonaro, disse hoje (7) que o governo quer uma moeda \u00fanica para toda a Am\u00e9rica do Sul. A proposta foi&hellip; <\/p>\n","protected":false},"author":1,"featured_media":98630,"comment_status":"closed","ping_status":"closed","sticky":false,"template":"","format":"standard","meta":{"sfsi_plus_gutenberg_text_before_share":"","sfsi_plus_gutenberg_show_text_before_share":"","sfsi_plus_gutenberg_icon_type":"","sfsi_plus_gutenberg_icon_alignemt":"","sfsi_plus_gutenburg_max_per_row":"","footnotes":""},"categories":[11],"tags":[],"class_list":["post-98629","post","type-post","status-publish","format-standard","has-post-thumbnail","hentry","category-politica"],"_links":{"self":[{"href":"https:\/\/www.caririemacao.com\/1\/wp-json\/wp\/v2\/posts\/98629","targetHints":{"allow":["GET"]}}],"collection":[{"href":"https:\/\/www.caririemacao.com\/1\/wp-json\/wp\/v2\/posts"}],"about":[{"href":"https:\/\/www.caririemacao.com\/1\/wp-json\/wp\/v2\/types\/post"}],"author":[{"embeddable":true,"href":"https:\/\/www.caririemacao.com\/1\/wp-json\/wp\/v2\/users\/1"}],"replies":[{"embeddable":true,"href":"https:\/\/www.caririemacao.com\/1\/wp-json\/wp\/v2\/comments?post=98629"}],"version-history":[{"count":1,"href":"https:\/\/www.caririemacao.com\/1\/wp-json\/wp\/v2\/posts\/98629\/revisions"}],"predecessor-version":[{"id":98631,"href":"https:\/\/www.caririemacao.com\/1\/wp-json\/wp\/v2\/posts\/98629\/revisions\/98631"}],"wp:featuredmedia":[{"embeddable":true,"href":"https:\/\/www.caririemacao.com\/1\/wp-json\/wp\/v2\/media\/98630"}],"wp:attachment":[{"href":"https:\/\/www.caririemacao.com\/1\/wp-json\/wp\/v2\/media?parent=98629"}],"wp:term":[{"taxonomy":"category","embeddable":true,"href":"https:\/\/www.caririemacao.com\/1\/wp-json\/wp\/v2\/categories?post=98629"},{"taxonomy":"post_tag","embeddable":true,"href":"https:\/\/www.caririemacao.com\/1\/wp-json\/wp\/v2\/tags?post=98629"}],"curies":[{"name":"wp","href":"https:\/\/api.w.org\/{rel}","templated":true}]}}