{"id":98634,"date":"2019-06-07T13:38:45","date_gmt":"2019-06-07T16:38:45","guid":{"rendered":"http:\/\/www.caririemacao.com\/1\/?p=98634"},"modified":"2019-06-07T13:38:45","modified_gmt":"2019-06-07T16:38:45","slug":"prefeito-eden-duarte-cria-cargos-para-professor-de-educacao-do-campo","status":"publish","type":"post","link":"https:\/\/www.caririemacao.com\/1\/2019\/06\/07\/prefeito-eden-duarte-cria-cargos-para-professor-de-educacao-do-campo\/","title":{"rendered":"Prefeito \u00c9den Duarte cria cargos para Professor de Educa\u00e7\u00e3o do Campo"},"content":{"rendered":"\n<p>O prefeito \u00c9den Duarte protocolou nesta sexta-feira (07\/06), na C\u00e2mara de Vereadores, Projeto de Lei que cria cargos de provimento efetivo no magist\u00e9rio p\u00fablico municipal para professor de Educa\u00e7\u00e3o do Campo, do 6\u00b0 ao 9\u00b0 ano.<br>\nCaso o projeto seja aprovado pelos vereadores, as vagas ser\u00e3o abertas j\u00e1 no pr\u00f3ximo concurso p\u00fablico do munic\u00edpio previsto para ser lan\u00e7ado o edital no final deste m\u00eas.<br>\nDe acordo com \u00c9den, ap\u00f3s an\u00e1lises e conversa\u00e7\u00f5es at\u00e9 com o pr\u00f3prio Minist\u00e9rio da Educa\u00e7\u00e3o, o munic\u00edpio cria os cargos tamb\u00e9m para atender \u00e0 necessidade superveniente da administra\u00e7\u00e3o que vir\u00e1 com a procura do n\u00famero de matr\u00edculas do segundo ciclo do ensino fundamental, al\u00e9m disso h\u00e1 a  necessidade de prover o quadro do magist\u00e9rio com profissionais destinados a lecionar novas disciplinas com o evidente aprimoramento dos curr\u00edculos escolares.<br>\nOs profissionais ir\u00e3o atender \u00e0 demanda referente \u00e0s \u00e1reas de ci\u00eancias exatas e da natureza, ci\u00eancias humanas e sociais e linguagens e c\u00f3digos e ser\u00e3o lotados na Escola Municipal Jos\u00e9 Bonif\u00e1cio Barbosa de Andrade \u2013 Distrito de Pio X.<br>\nO Projeto de Lei segue agora para aprecia\u00e7\u00e3o das comiss\u00f5es e vota\u00e7\u00e3o no plen\u00e1rio da C\u00e2mara Municipal.<br>\nAscom PMS<\/p>\n","protected":false},"excerpt":{"rendered":"<p>O prefeito \u00c9den Duarte protocolou nesta sexta-feira (07\/06), na C\u00e2mara de Vereadores, Projeto de Lei que cria cargos de provimento efetivo no magist\u00e9rio p\u00fablico municipal&hellip; <\/p>\n","protected":false},"author":1,"featured_media":98635,"comment_status":"closed","ping_status":"closed","sticky":false,"template":"","format":"standard","meta":{"sfsi_plus_gutenberg_text_before_share":"","sfsi_plus_gutenberg_show_text_before_share":"","sfsi_plus_gutenberg_icon_type":"","sfsi_plus_gutenberg_icon_alignemt":"","sfsi_plus_gutenburg_max_per_row":"","footnotes":""},"categories":[50,14],"tags":[],"class_list":["post-98634","post","type-post","status-publish","format-standard","has-post-thumbnail","hentry","category-destaque","category-educacao"],"_links":{"self":[{"href":"https:\/\/www.caririemacao.com\/1\/wp-json\/wp\/v2\/posts\/98634","targetHints":{"allow":["GET"]}}],"collection":[{"href":"https:\/\/www.caririemacao.com\/1\/wp-json\/wp\/v2\/posts"}],"about":[{"href":"https:\/\/www.caririemacao.com\/1\/wp-json\/wp\/v2\/types\/post"}],"author":[{"embeddable":true,"href":"https:\/\/www.caririemacao.com\/1\/wp-json\/wp\/v2\/users\/1"}],"replies":[{"embeddable":true,"href":"https:\/\/www.caririemacao.com\/1\/wp-json\/wp\/v2\/comments?post=98634"}],"version-history":[{"count":1,"href":"https:\/\/www.caririemacao.com\/1\/wp-json\/wp\/v2\/posts\/98634\/revisions"}],"predecessor-version":[{"id":98636,"href":"https:\/\/www.caririemacao.com\/1\/wp-json\/wp\/v2\/posts\/98634\/revisions\/98636"}],"wp:featuredmedia":[{"embeddable":true,"href":"https:\/\/www.caririemacao.com\/1\/wp-json\/wp\/v2\/media\/98635"}],"wp:attachment":[{"href":"https:\/\/www.caririemacao.com\/1\/wp-json\/wp\/v2\/media?parent=98634"}],"wp:term":[{"taxonomy":"category","embeddable":true,"href":"https:\/\/www.caririemacao.com\/1\/wp-json\/wp\/v2\/categories?post=98634"},{"taxonomy":"post_tag","embeddable":true,"href":"https:\/\/www.caririemacao.com\/1\/wp-json\/wp\/v2\/tags?post=98634"}],"curies":[{"name":"wp","href":"https:\/\/api.w.org\/{rel}","templated":true}]}}