{"id":98639,"date":"2019-06-07T13:40:50","date_gmt":"2019-06-07T16:40:50","guid":{"rendered":"http:\/\/www.caririemacao.com\/1\/?p=98639"},"modified":"2019-06-07T13:40:50","modified_gmt":"2019-06-07T16:40:50","slug":"arraial-do-povo-de-camalau-estara-nesta-sexta-feira-no-sitio-rajada","status":"publish","type":"post","link":"https:\/\/www.caririemacao.com\/1\/2019\/06\/07\/arraial-do-povo-de-camalau-estara-nesta-sexta-feira-no-sitio-rajada\/","title":{"rendered":"Arraial do Povo de Camala\u00fa estar\u00e1 nesta sexta feira no S\u00edtio Rajada"},"content":{"rendered":"\n<p>A quarta noite do Arraial do Povo ser\u00e1 realizada nesta sexta feira (07) no S\u00edtio Rajada, na resid\u00eancia do Sr. Cido Vig\u00e1rio.<br>\u00c9 not\u00e1vel que o p\u00fablico est\u00e1 aumentando a cada noite, devido a ideia ser nova, e as pessoas ainda em certa medida estarem tomando conhecimento.<br>Nesta quinta feira (06), o Arrai\u00e1 foi realizado na comunidade do S\u00edtio Pinheiro, com um grande p\u00fablico tamb\u00e9m.&nbsp;<br>O Arraial do Povo possui uma cidade cenogr\u00e1fica que serve de \u201cpano de fundo\u201d para a realiza\u00e7\u00e3o da quadrilha junina, regada a muito forr\u00f3.<br>A quadrilha tem in\u00edcio por volta das 20 horas.<br>O Arraial do Povo \u00e9 uma realiza\u00e7\u00e3o da gest\u00e3o do Prefeito Sandro M\u00f4co, atrav\u00e9s do Departamento de Cultura.&nbsp;<br>COM CAMALA\u00da NOT\u00cdCIAS<\/p>\n","protected":false},"excerpt":{"rendered":"<p>A quarta noite do Arraial do Povo ser\u00e1 realizada nesta sexta feira (07) no S\u00edtio Rajada, na resid\u00eancia do Sr. Cido Vig\u00e1rio.\u00c9 not\u00e1vel que o&hellip; <\/p>\n","protected":false},"author":1,"featured_media":98640,"comment_status":"closed","ping_status":"closed","sticky":false,"template":"","format":"standard","meta":{"sfsi_plus_gutenberg_text_before_share":"","sfsi_plus_gutenberg_show_text_before_share":"","sfsi_plus_gutenberg_icon_type":"","sfsi_plus_gutenberg_icon_alignemt":"","sfsi_plus_gutenburg_max_per_row":"","footnotes":""},"categories":[6],"tags":[],"class_list":["post-98639","post","type-post","status-publish","format-standard","has-post-thumbnail","hentry","category-cidades"],"_links":{"self":[{"href":"https:\/\/www.caririemacao.com\/1\/wp-json\/wp\/v2\/posts\/98639","targetHints":{"allow":["GET"]}}],"collection":[{"href":"https:\/\/www.caririemacao.com\/1\/wp-json\/wp\/v2\/posts"}],"about":[{"href":"https:\/\/www.caririemacao.com\/1\/wp-json\/wp\/v2\/types\/post"}],"author":[{"embeddable":true,"href":"https:\/\/www.caririemacao.com\/1\/wp-json\/wp\/v2\/users\/1"}],"replies":[{"embeddable":true,"href":"https:\/\/www.caririemacao.com\/1\/wp-json\/wp\/v2\/comments?post=98639"}],"version-history":[{"count":1,"href":"https:\/\/www.caririemacao.com\/1\/wp-json\/wp\/v2\/posts\/98639\/revisions"}],"predecessor-version":[{"id":98641,"href":"https:\/\/www.caririemacao.com\/1\/wp-json\/wp\/v2\/posts\/98639\/revisions\/98641"}],"wp:featuredmedia":[{"embeddable":true,"href":"https:\/\/www.caririemacao.com\/1\/wp-json\/wp\/v2\/media\/98640"}],"wp:attachment":[{"href":"https:\/\/www.caririemacao.com\/1\/wp-json\/wp\/v2\/media?parent=98639"}],"wp:term":[{"taxonomy":"category","embeddable":true,"href":"https:\/\/www.caririemacao.com\/1\/wp-json\/wp\/v2\/categories?post=98639"},{"taxonomy":"post_tag","embeddable":true,"href":"https:\/\/www.caririemacao.com\/1\/wp-json\/wp\/v2\/tags?post=98639"}],"curies":[{"name":"wp","href":"https:\/\/api.w.org\/{rel}","templated":true}]}}