{"id":98650,"date":"2019-06-07T13:46:36","date_gmt":"2019-06-07T16:46:36","guid":{"rendered":"http:\/\/www.caririemacao.com\/1\/?p=98650"},"modified":"2019-06-07T13:46:36","modified_gmt":"2019-06-07T16:46:36","slug":"o-governo-municipal-de-sao-joao-do-tigre-anuncia-pagamento-da-1a-parcela-do-13-dos-servidores","status":"publish","type":"post","link":"https:\/\/www.caririemacao.com\/1\/2019\/06\/07\/o-governo-municipal-de-sao-joao-do-tigre-anuncia-pagamento-da-1a-parcela-do-13-dos-servidores\/","title":{"rendered":"O Governo Municipal de S\u00e3o Jo\u00e3o do Tigre anuncia pagamento da 1\u00aa parcela do 13\u00b0 dos servidores"},"content":{"rendered":"\n<p>O Governo Municipal de S\u00e3o Jo\u00e3o do Tigre, atrav\u00e9s do Secret\u00e1rio de Finan\u00e7as, Marcio Leite, anunciou na manh\u00e3 desta sexta-feira (7) que o pagamento referente a 1\u00aa parcela do 13\u00ba sal\u00e1rio dos servidores ser\u00e1 depositado na pr\u00f3xima segunda-feira (11).<br>O Secret\u00e1rio afirmou que esse \u00e9 mais um compromisso da gest\u00e3o municipal com os servidores que ser\u00e1 cumprido, gra\u00e7as ao forte equil\u00edbrio financeiro que vive o munic\u00edpio.<br>Marcio destacou ainda o compromisso da gest\u00e3o de sempre pagar os sal\u00e1rios dentro do m\u00eas trabalhado. &#8220;S\u00e3o Jo\u00e3o do Tigre hoje vive um novo tempo, a gest\u00e3o do Prefeito C\u00e9lio tem compromisso e responsabilidade, e mais uma vez estamos cumprindo com nosso compromisso com os servidores, al\u00e9m de estarmos injetando dinheiro na economia do munic\u00edpio&#8221;, disse o Secret\u00e1rio.<\/p>\n\n\n\n<p><\/p>\n","protected":false},"excerpt":{"rendered":"<p>O Governo Municipal de S\u00e3o Jo\u00e3o do Tigre, atrav\u00e9s do Secret\u00e1rio de Finan\u00e7as, Marcio Leite, anunciou na manh\u00e3 desta sexta-feira (7) que o pagamento referente&hellip; <\/p>\n","protected":false},"author":1,"featured_media":22798,"comment_status":"closed","ping_status":"closed","sticky":false,"template":"","format":"standard","meta":{"sfsi_plus_gutenberg_text_before_share":"","sfsi_plus_gutenberg_show_text_before_share":"","sfsi_plus_gutenberg_icon_type":"","sfsi_plus_gutenberg_icon_alignemt":"","sfsi_plus_gutenburg_max_per_row":"","footnotes":""},"categories":[6],"tags":[],"class_list":["post-98650","post","type-post","status-publish","format-standard","has-post-thumbnail","hentry","category-cidades"],"_links":{"self":[{"href":"https:\/\/www.caririemacao.com\/1\/wp-json\/wp\/v2\/posts\/98650","targetHints":{"allow":["GET"]}}],"collection":[{"href":"https:\/\/www.caririemacao.com\/1\/wp-json\/wp\/v2\/posts"}],"about":[{"href":"https:\/\/www.caririemacao.com\/1\/wp-json\/wp\/v2\/types\/post"}],"author":[{"embeddable":true,"href":"https:\/\/www.caririemacao.com\/1\/wp-json\/wp\/v2\/users\/1"}],"replies":[{"embeddable":true,"href":"https:\/\/www.caririemacao.com\/1\/wp-json\/wp\/v2\/comments?post=98650"}],"version-history":[{"count":1,"href":"https:\/\/www.caririemacao.com\/1\/wp-json\/wp\/v2\/posts\/98650\/revisions"}],"predecessor-version":[{"id":98652,"href":"https:\/\/www.caririemacao.com\/1\/wp-json\/wp\/v2\/posts\/98650\/revisions\/98652"}],"wp:featuredmedia":[{"embeddable":true,"href":"https:\/\/www.caririemacao.com\/1\/wp-json\/wp\/v2\/media\/22798"}],"wp:attachment":[{"href":"https:\/\/www.caririemacao.com\/1\/wp-json\/wp\/v2\/media?parent=98650"}],"wp:term":[{"taxonomy":"category","embeddable":true,"href":"https:\/\/www.caririemacao.com\/1\/wp-json\/wp\/v2\/categories?post=98650"},{"taxonomy":"post_tag","embeddable":true,"href":"https:\/\/www.caririemacao.com\/1\/wp-json\/wp\/v2\/tags?post=98650"}],"curies":[{"name":"wp","href":"https:\/\/api.w.org\/{rel}","templated":true}]}}