{"id":98676,"date":"2019-06-07T14:13:05","date_gmt":"2019-06-07T17:13:05","guid":{"rendered":"http:\/\/www.caririemacao.com\/1\/?p=98676"},"modified":"2019-06-07T14:13:05","modified_gmt":"2019-06-07T17:13:05","slug":"governador-da-pb-veta-lei-que-exigia-ficha-limpa-para-cargos-comissionados","status":"publish","type":"post","link":"https:\/\/www.caririemacao.com\/1\/2019\/06\/07\/governador-da-pb-veta-lei-que-exigia-ficha-limpa-para-cargos-comissionados\/","title":{"rendered":"Governador da PB veta lei que exigia ficha limpa para cargos comissionados"},"content":{"rendered":"\n<p>Consta no Di\u00e1rio Oficial do Estado desta sexta-feira, 7, o veto do governador Jo\u00e3o Azevedo (PSB) \u00e0 lei de autoria do deputado Eduardo Carneiro (PRTB) que exigia \u201cficha limpa\u201d para nomea\u00e7\u00e3o nos cargos comissionados do Estado. Nas raz\u00f5es do veto, o governador explica que o texto \u00e9 inconstitucional. \u201cAl\u00e9m disso, com a devida v\u00eania, considerando a forma como redigido, penso que tamb\u00e9m contraria o interesse p\u00fablico\u201d.<\/p>\n\n\n\n<p>\u201cH\u00e1 de se observar a exist\u00eancia de v\u00edcio de iniciativa na proposi\u00e7\u00e3o que impede o seu regular prosseguimento. Tal projeto de lei, se aprovado, ser\u00e1 inconstitucional, uma vez que rompe com independ\u00eancia entre os poderes, na medida em que o Poder Legislativo invade compet\u00eancia privativa do Poder Executivo\u201d, diz um trecho do veto.<\/p>\n\n\n\n<p>O governador ainda cita que \u201ca escolha de servidor para ocupar cargo comissionado no \u00e2mbito do Poder Executivo estadual est\u00e1 balizada num perfil de conduta capaz de demonstrar integridade e moralidade do servidor nomeado. Basta verificar as nomea\u00e7\u00f5es feitas para os cargos comissionados e facilmente se constatar\u00e1 a lisura dessa informa\u00e7\u00e3o\u201d.<\/p>\n","protected":false},"excerpt":{"rendered":"<p>Consta no Di\u00e1rio Oficial do Estado desta sexta-feira, 7, o veto do governador Jo\u00e3o Azevedo (PSB) \u00e0 lei de autoria do deputado Eduardo Carneiro (PRTB)&hellip; <\/p>\n","protected":false},"author":1,"featured_media":95024,"comment_status":"closed","ping_status":"closed","sticky":false,"template":"","format":"standard","meta":{"sfsi_plus_gutenberg_text_before_share":"","sfsi_plus_gutenberg_show_text_before_share":"","sfsi_plus_gutenberg_icon_type":"","sfsi_plus_gutenberg_icon_alignemt":"","sfsi_plus_gutenburg_max_per_row":"","footnotes":""},"categories":[11],"tags":[],"class_list":["post-98676","post","type-post","status-publish","format-standard","has-post-thumbnail","hentry","category-politica"],"_links":{"self":[{"href":"https:\/\/www.caririemacao.com\/1\/wp-json\/wp\/v2\/posts\/98676","targetHints":{"allow":["GET"]}}],"collection":[{"href":"https:\/\/www.caririemacao.com\/1\/wp-json\/wp\/v2\/posts"}],"about":[{"href":"https:\/\/www.caririemacao.com\/1\/wp-json\/wp\/v2\/types\/post"}],"author":[{"embeddable":true,"href":"https:\/\/www.caririemacao.com\/1\/wp-json\/wp\/v2\/users\/1"}],"replies":[{"embeddable":true,"href":"https:\/\/www.caririemacao.com\/1\/wp-json\/wp\/v2\/comments?post=98676"}],"version-history":[{"count":1,"href":"https:\/\/www.caririemacao.com\/1\/wp-json\/wp\/v2\/posts\/98676\/revisions"}],"predecessor-version":[{"id":98677,"href":"https:\/\/www.caririemacao.com\/1\/wp-json\/wp\/v2\/posts\/98676\/revisions\/98677"}],"wp:featuredmedia":[{"embeddable":true,"href":"https:\/\/www.caririemacao.com\/1\/wp-json\/wp\/v2\/media\/95024"}],"wp:attachment":[{"href":"https:\/\/www.caririemacao.com\/1\/wp-json\/wp\/v2\/media?parent=98676"}],"wp:term":[{"taxonomy":"category","embeddable":true,"href":"https:\/\/www.caririemacao.com\/1\/wp-json\/wp\/v2\/categories?post=98676"},{"taxonomy":"post_tag","embeddable":true,"href":"https:\/\/www.caririemacao.com\/1\/wp-json\/wp\/v2\/tags?post=98676"}],"curies":[{"name":"wp","href":"https:\/\/api.w.org\/{rel}","templated":true}]}}