{"id":98682,"date":"2019-06-07T15:23:19","date_gmt":"2019-06-07T18:23:19","guid":{"rendered":"http:\/\/www.caririemacao.com\/1\/?p=98682"},"modified":"2019-06-07T15:23:19","modified_gmt":"2019-06-07T18:23:19","slug":"prefeito-inacio-nobrega-participou-de-audiencia-com-o-governador-joao-azevedo","status":"publish","type":"post","link":"https:\/\/www.caririemacao.com\/1\/2019\/06\/07\/prefeito-inacio-nobrega-participou-de-audiencia-com-o-governador-joao-azevedo\/","title":{"rendered":"Prefeito In\u00e1cio N\u00f3brega participou de audi\u00eancia com o governador Jo\u00e3o Azevedo"},"content":{"rendered":"\n<p>O Prefeito In\u00e1cio N\u00f3brega foi recebido em audi\u00eancia pelo governador Jo\u00e3o Azevedo na tarde desta quinta-feira (06).&nbsp;<br>Na pauta, assinatura de Conv\u00eanio entre Estado e Munic\u00edpio, al\u00e9m do pleito de apoio para a exposi\u00e7\u00e3o agricultura da Amparo Cabra Fest e o convite estendido para que o governador visite o munic\u00edpio de Amparo na 3\u00b0 Edi\u00e7\u00e3o do evento.<\/p>\n\n\n\n<figure class=\"wp-block-image\"><a href=\"https:\/\/1.bp.blogspot.com\/-G-CqcRhrCm4\/XPpM1rHWeVI\/AAAAAAABBH0\/ELKBJT7cPZw95mX0FxRQb3rJW1JNU8qhwCLcBGAs\/s1600\/WhatsApp%2BImage%2B2019-06-06%2Bat%2B7.14.12%2BPM.jpeg\"><img decoding=\"async\" data-src=\"https:\/\/1.bp.blogspot.com\/-G-CqcRhrCm4\/XPpM1rHWeVI\/AAAAAAABBH0\/ELKBJT7cPZw95mX0FxRQb3rJW1JNU8qhwCLcBGAs\/s640\/WhatsApp%2BImage%2B2019-06-06%2Bat%2B7.14.12%2BPM.jpeg\" alt=\"\" src=\"data:image\/svg+xml;base64,PHN2ZyB3aWR0aD0iMSIgaGVpZ2h0PSIxIiB4bWxucz0iaHR0cDovL3d3dy53My5vcmcvMjAwMC9zdmciPjwvc3ZnPg==\" class=\"lazyload\" \/><\/a><\/figure>\n\n\n\n<p>A audi\u00eancia teve na articula\u00e7\u00e3o o deputado estadual Genival Matias e contou ainda com a presen\u00e7a de outros prefeitos da regi\u00e3o do Cariri.<br>Na comitiva Amparense a presen\u00e7a da chefe de gabinete Josenice Silva e o ex vereador Luciano Gordo.<\/p>\n\n\n\n<figure class=\"wp-block-image\"><a href=\"https:\/\/1.bp.blogspot.com\/-onnN_Kx2_ro\/XPpM50Y4JoI\/AAAAAAABBH8\/EgCbW2nPcpMNisErXOZ8ELlfNdsxhEmnQCLcBGAs\/s1600\/WhatsApp%2BImage%2B2019-06-06%2Bat%2B7.14.09%2BPM.jpeg\"><img decoding=\"async\" data-src=\"https:\/\/1.bp.blogspot.com\/-onnN_Kx2_ro\/XPpM50Y4JoI\/AAAAAAABBH8\/EgCbW2nPcpMNisErXOZ8ELlfNdsxhEmnQCLcBGAs\/s640\/WhatsApp%2BImage%2B2019-06-06%2Bat%2B7.14.09%2BPM.jpeg\" alt=\"\" src=\"data:image\/svg+xml;base64,PHN2ZyB3aWR0aD0iMSIgaGVpZ2h0PSIxIiB4bWxucz0iaHR0cDovL3d3dy53My5vcmcvMjAwMC9zdmciPjwvc3ZnPg==\" class=\"lazyload\" \/><\/a><\/figure>\n","protected":false},"excerpt":{"rendered":"<p>O Prefeito In\u00e1cio N\u00f3brega foi recebido em audi\u00eancia pelo governador Jo\u00e3o Azevedo na tarde desta quinta-feira (06).&nbsp;Na pauta, assinatura de Conv\u00eanio entre Estado e Munic\u00edpio,&hellip; <\/p>\n","protected":false},"author":1,"featured_media":98683,"comment_status":"closed","ping_status":"closed","sticky":false,"template":"","format":"standard","meta":{"sfsi_plus_gutenberg_text_before_share":"","sfsi_plus_gutenberg_show_text_before_share":"","sfsi_plus_gutenberg_icon_type":"","sfsi_plus_gutenberg_icon_alignemt":"","sfsi_plus_gutenburg_max_per_row":"","footnotes":""},"categories":[6,50],"tags":[],"class_list":["post-98682","post","type-post","status-publish","format-standard","has-post-thumbnail","hentry","category-cidades","category-destaque"],"_links":{"self":[{"href":"https:\/\/www.caririemacao.com\/1\/wp-json\/wp\/v2\/posts\/98682","targetHints":{"allow":["GET"]}}],"collection":[{"href":"https:\/\/www.caririemacao.com\/1\/wp-json\/wp\/v2\/posts"}],"about":[{"href":"https:\/\/www.caririemacao.com\/1\/wp-json\/wp\/v2\/types\/post"}],"author":[{"embeddable":true,"href":"https:\/\/www.caririemacao.com\/1\/wp-json\/wp\/v2\/users\/1"}],"replies":[{"embeddable":true,"href":"https:\/\/www.caririemacao.com\/1\/wp-json\/wp\/v2\/comments?post=98682"}],"version-history":[{"count":1,"href":"https:\/\/www.caririemacao.com\/1\/wp-json\/wp\/v2\/posts\/98682\/revisions"}],"predecessor-version":[{"id":98684,"href":"https:\/\/www.caririemacao.com\/1\/wp-json\/wp\/v2\/posts\/98682\/revisions\/98684"}],"wp:featuredmedia":[{"embeddable":true,"href":"https:\/\/www.caririemacao.com\/1\/wp-json\/wp\/v2\/media\/98683"}],"wp:attachment":[{"href":"https:\/\/www.caririemacao.com\/1\/wp-json\/wp\/v2\/media?parent=98682"}],"wp:term":[{"taxonomy":"category","embeddable":true,"href":"https:\/\/www.caririemacao.com\/1\/wp-json\/wp\/v2\/categories?post=98682"},{"taxonomy":"post_tag","embeddable":true,"href":"https:\/\/www.caririemacao.com\/1\/wp-json\/wp\/v2\/tags?post=98682"}],"curies":[{"name":"wp","href":"https:\/\/api.w.org\/{rel}","templated":true}]}}