{"id":98687,"date":"2019-06-07T15:25:35","date_gmt":"2019-06-07T18:25:35","guid":{"rendered":"http:\/\/www.caririemacao.com\/1\/?p=98687"},"modified":"2019-06-07T15:27:00","modified_gmt":"2019-06-07T18:27:00","slug":"crianca-e-encontrada-desacordada-e-com-lesao-na-cabeca-e-mae-presa-confessa-espancamento","status":"publish","type":"post","link":"https:\/\/www.caririemacao.com\/1\/2019\/06\/07\/crianca-e-encontrada-desacordada-e-com-lesao-na-cabeca-e-mae-presa-confessa-espancamento\/","title":{"rendered":"Crian\u00e7a \u00e9 encontrada desacordada e com les\u00e3o na cabe\u00e7a e m\u00e3e presa confessa espancamento"},"content":{"rendered":"\n<p>Uma mulher de 25 anos foi presa em flagrante suspeita de espancar o filho de sete anos de idade. A pris\u00e3o foi executada em Capim de Mamanguape, no Litoral Norte do Estado, na madrugada desta sexta-feira (7).<\/p>\n\n\n\n<p>Maria da Concei\u00e7\u00e3o da Silva, que \u00e9 a m\u00e3e da crian\u00e7a, foi presa em flagrante e confessou ao delegado de plant\u00e3o na seccional de Mamanguape, Thiago Sandes, que batia no filho, mas que n\u00e3o tinha a inten\u00e7\u00e3o de matar a crian\u00e7a.<\/p>\n\n\n\n<p>A Pol\u00edcia Militar chegou at\u00e9 a casa onde o menor morava com a m\u00e3e atrav\u00e9s de den\u00fancia an\u00f4nima. Ao chegar ao local, os policiais encontraram o menino desacordado e com les\u00f5es na cabe\u00e7a. A crian\u00e7a foi resgatada e levada&nbsp; para o Hospital Regional de Mamanguape, sendo transferida depois para o Hospital de Emerg\u00eancia e Trauma Senador Humberto Lucena, em Jo\u00e3o Pessoa.<\/p>\n\n\n\n<p>A jovem foi autuada por maus tratos qualificados, quando h\u00e1 les\u00e3o corporal, e foi encaminhada \u00e0 carceragem da Delegacia de Mamanguape para aguardar a audi\u00eancia de cust\u00f3dia. \u201cO fato aconteceu no munic\u00edpio de Capim, mas o flagrante foi lavrado em Mamanguape porque ocorreu durante o plant\u00e3o daquela delegacia\u201d, explicou o delegado Thiago Cavalcanti, da delegacia de Capim, que passa agora a investigar o caso.<\/p>\n\n\n\n<p>De acordo com o delegado Thiago Sandes, o caso gerou uma grande repercuss\u00e3o porque a primeira informa\u00e7\u00e3o que chegou foi de que haveria um homic\u00eddio praticado pela m\u00e3e, mas isso n\u00e3o foi confirmado.<\/p>\n\n\n\n<p>\u201cAo ouvir a suspeita e depois de analisar a situa\u00e7\u00e3o cl\u00ednica da crian\u00e7a e o receitu\u00e1rio m\u00e9dico para encaminh\u00e1-la para o Trauma, ficou demonstrado que ela frequentemente sofria maus tratos pela m\u00e3e, no entanto, n\u00e3o deu para enquadrar como homic\u00eddio tentado e sim como maus tratos qualificados porque a inten\u00e7\u00e3o dela era outra e n\u00e3o a de matar a crian\u00e7a. Na verdade a m\u00e3e exagera na educa\u00e7\u00e3o da crian\u00e7a e nos meios adotados para a &#8216;corre\u00e7\u00e3o&#8217; da mesma por ela ser muito desobediente\u201d, explicou.<\/p>\n","protected":false},"excerpt":{"rendered":"<p>Uma mulher de 25 anos foi presa em flagrante suspeita de espancar o filho de sete anos de idade. A pris\u00e3o foi executada em Capim&hellip; <\/p>\n","protected":false},"author":1,"featured_media":98688,"comment_status":"closed","ping_status":"closed","sticky":false,"template":"","format":"standard","meta":{"sfsi_plus_gutenberg_text_before_share":"","sfsi_plus_gutenberg_show_text_before_share":"","sfsi_plus_gutenberg_icon_type":"","sfsi_plus_gutenberg_icon_alignemt":"","sfsi_plus_gutenburg_max_per_row":"","footnotes":""},"categories":[12],"tags":[],"class_list":["post-98687","post","type-post","status-publish","format-standard","has-post-thumbnail","hentry","category-policia"],"_links":{"self":[{"href":"https:\/\/www.caririemacao.com\/1\/wp-json\/wp\/v2\/posts\/98687","targetHints":{"allow":["GET"]}}],"collection":[{"href":"https:\/\/www.caririemacao.com\/1\/wp-json\/wp\/v2\/posts"}],"about":[{"href":"https:\/\/www.caririemacao.com\/1\/wp-json\/wp\/v2\/types\/post"}],"author":[{"embeddable":true,"href":"https:\/\/www.caririemacao.com\/1\/wp-json\/wp\/v2\/users\/1"}],"replies":[{"embeddable":true,"href":"https:\/\/www.caririemacao.com\/1\/wp-json\/wp\/v2\/comments?post=98687"}],"version-history":[{"count":2,"href":"https:\/\/www.caririemacao.com\/1\/wp-json\/wp\/v2\/posts\/98687\/revisions"}],"predecessor-version":[{"id":98694,"href":"https:\/\/www.caririemacao.com\/1\/wp-json\/wp\/v2\/posts\/98687\/revisions\/98694"}],"wp:featuredmedia":[{"embeddable":true,"href":"https:\/\/www.caririemacao.com\/1\/wp-json\/wp\/v2\/media\/98688"}],"wp:attachment":[{"href":"https:\/\/www.caririemacao.com\/1\/wp-json\/wp\/v2\/media?parent=98687"}],"wp:term":[{"taxonomy":"category","embeddable":true,"href":"https:\/\/www.caririemacao.com\/1\/wp-json\/wp\/v2\/categories?post=98687"},{"taxonomy":"post_tag","embeddable":true,"href":"https:\/\/www.caririemacao.com\/1\/wp-json\/wp\/v2\/tags?post=98687"}],"curies":[{"name":"wp","href":"https:\/\/api.w.org\/{rel}","templated":true}]}}