{"id":98704,"date":"2019-06-07T17:46:04","date_gmt":"2019-06-07T20:46:04","guid":{"rendered":"http:\/\/www.caririemacao.com\/1\/?p=98704"},"modified":"2019-06-07T17:46:04","modified_gmt":"2019-06-07T20:46:04","slug":"prefeitura-de-sao-sebastiao-do-umbuzeiro-realiza-reuniao-de-planejamento-do-aniversario-de-60-anos-da-cidade","status":"publish","type":"post","link":"https:\/\/www.caririemacao.com\/1\/2019\/06\/07\/prefeitura-de-sao-sebastiao-do-umbuzeiro-realiza-reuniao-de-planejamento-do-aniversario-de-60-anos-da-cidade\/","title":{"rendered":"Prefeitura de S\u00e3o Sebasti\u00e3o do Umbuzeiro realiza Reuni\u00e3o de planejamento do Aniversario de 60 anos da Cidade"},"content":{"rendered":"\n<p>Na manh\u00e3 desta sexta-feira (07), a Prefeitura de S\u00e3o Sebasti\u00e3o do Umbuzeiro, atrav\u00e9s do Prefeito Adriano Wolff realizou uma reuni\u00e3o de planejamento sobre as atividades esportivas e o evento do Dia 08 de Junho, dia em que o munic\u00edpio comemora 60 anos, de Emancipa\u00e7\u00e3o Pol\u00edtica.<br>Visando contribuir para o fortalecimento e divulga\u00e7\u00e3o do esporte em S\u00e3o Sebasti\u00e3o do Umbuzeiro, o prefeito Adriano Wolff, inseriu diferentes modalidades de atividades esportivas na programa\u00e7\u00e3o de anivers\u00e1rio de 60 anos do munic\u00edpio, com premia\u00e7\u00e3o em todas as modalidades inclusive para os atletas mais bem colocados locais.<br><\/p>\n\n\n\n<figure class=\"wp-block-image\"><a href=\"http:\/\/www.blogdodidi.com.br\/wp-content\/uploads\/2019\/06\/DSC09709.jpg\"><img decoding=\"async\" data-src=\"https:\/\/lh5.googleusercontent.com\/proxy\/D24uY2uY44Mei_nTBpESGtQgV8j5SmiZnYJ_36hYi9WnQDN1F2X3j-SlZH6H6AoVgdmWoFnOVWa1UoQPjxPDrTtfEbCiq7bIWNLoBa0Vune8N_MWHEqYBw=s0-d\" alt=\"\" src=\"data:image\/svg+xml;base64,PHN2ZyB3aWR0aD0iMSIgaGVpZ2h0PSIxIiB4bWxucz0iaHR0cDovL3d3dy53My5vcmcvMjAwMC9zdmciPjwvc3ZnPg==\" class=\"lazyload\" \/><\/a><\/figure>\n\n\n\n<p>Tamb\u00e9m foi entregue uma camisa para todas as pessoas que ir\u00e3o participar da organiza\u00e7\u00e3o.&nbsp;<br>Na ocasi\u00e3o, o prefeito, agradeceu a presen\u00e7a de todos destacando a import\u00e2ncia do esfor\u00e7o e uni\u00e3o de todos para a organiza\u00e7\u00e3o do evento.<br>\u201c\u00c9 importante que a Administra\u00e7\u00e3o Municipal busque incentivar as diferentes modalidades de esportes em nosso munic\u00edpio e \u00e9 isso que estamos fazendo&nbsp;&nbsp;em S\u00e3o Sebasti\u00e3o do Umbuzeiro\u201d, ressaltou Adriano Wolff.<br><strong>Com BLOGDODIDI<\/strong><br><\/p>\n","protected":false},"excerpt":{"rendered":"<p>Na manh\u00e3 desta sexta-feira (07), a Prefeitura de S\u00e3o Sebasti\u00e3o do Umbuzeiro, atrav\u00e9s do Prefeito Adriano Wolff realizou uma reuni\u00e3o de planejamento sobre as atividades&hellip; <\/p>\n","protected":false},"author":1,"featured_media":98705,"comment_status":"closed","ping_status":"closed","sticky":false,"template":"","format":"standard","meta":{"sfsi_plus_gutenberg_text_before_share":"","sfsi_plus_gutenberg_show_text_before_share":"","sfsi_plus_gutenberg_icon_type":"","sfsi_plus_gutenberg_icon_alignemt":"","sfsi_plus_gutenburg_max_per_row":"","footnotes":""},"categories":[2],"tags":[],"class_list":["post-98704","post","type-post","status-publish","format-standard","has-post-thumbnail","hentry","category-geral"],"_links":{"self":[{"href":"https:\/\/www.caririemacao.com\/1\/wp-json\/wp\/v2\/posts\/98704","targetHints":{"allow":["GET"]}}],"collection":[{"href":"https:\/\/www.caririemacao.com\/1\/wp-json\/wp\/v2\/posts"}],"about":[{"href":"https:\/\/www.caririemacao.com\/1\/wp-json\/wp\/v2\/types\/post"}],"author":[{"embeddable":true,"href":"https:\/\/www.caririemacao.com\/1\/wp-json\/wp\/v2\/users\/1"}],"replies":[{"embeddable":true,"href":"https:\/\/www.caririemacao.com\/1\/wp-json\/wp\/v2\/comments?post=98704"}],"version-history":[{"count":1,"href":"https:\/\/www.caririemacao.com\/1\/wp-json\/wp\/v2\/posts\/98704\/revisions"}],"predecessor-version":[{"id":98706,"href":"https:\/\/www.caririemacao.com\/1\/wp-json\/wp\/v2\/posts\/98704\/revisions\/98706"}],"wp:featuredmedia":[{"embeddable":true,"href":"https:\/\/www.caririemacao.com\/1\/wp-json\/wp\/v2\/media\/98705"}],"wp:attachment":[{"href":"https:\/\/www.caririemacao.com\/1\/wp-json\/wp\/v2\/media?parent=98704"}],"wp:term":[{"taxonomy":"category","embeddable":true,"href":"https:\/\/www.caririemacao.com\/1\/wp-json\/wp\/v2\/categories?post=98704"},{"taxonomy":"post_tag","embeddable":true,"href":"https:\/\/www.caririemacao.com\/1\/wp-json\/wp\/v2\/tags?post=98704"}],"curies":[{"name":"wp","href":"https:\/\/api.w.org\/{rel}","templated":true}]}}