{"id":98709,"date":"2019-06-07T17:49:20","date_gmt":"2019-06-07T20:49:20","guid":{"rendered":"http:\/\/www.caririemacao.com\/1\/?p=98709"},"modified":"2019-06-07T17:49:20","modified_gmt":"2019-06-07T20:49:20","slug":"mec-estuda-rever-suspensao-para-criacao-de-novos-cursos-de-medicina-no-pais","status":"publish","type":"post","link":"https:\/\/www.caririemacao.com\/1\/2019\/06\/07\/mec-estuda-rever-suspensao-para-criacao-de-novos-cursos-de-medicina-no-pais\/","title":{"rendered":"MEC estuda rever suspens\u00e3o para cria\u00e7\u00e3o de novos cursos de medicina no pa\u00eds"},"content":{"rendered":"\n<p>O MEC (Minist\u00e9rio da Educa\u00e7\u00e3o) tem desenvolvido estudos para analisar uma poss\u00edvel revis\u00e3o da portaria que suspendeu a abertura de novos cursos de medicina no pa\u00eds. Publicada em abril de 2018, ainda no governo Michel Temer (MDB), a medida congelou a oferta de novas gradua\u00e7\u00f5es na \u00e1rea por 5 anos.<\/p>\n\n\n\n<p>A an\u00e1lise t\u00e9cnica ocorre por conta da Secretaria de Regula\u00e7\u00e3o do Ensino Superior do MEC, a pedido do ministro da Educa\u00e7\u00e3o, Abraham Weintraub. A subpasta j\u00e1 recebeu em maio informa\u00e7\u00f5es do Minist\u00e9rio da Sa\u00fade sobre demandas por m\u00e9dicos no pa\u00eds.<\/p>\n\n\n\n<p>De acordo com Marco Aurelio de Oliveira, secret\u00e1rio substituto da Seres (Secretaria de Regula\u00e7\u00e3o do Ensino Superior) do MEC, os estudos est\u00e3o sendo produzidos para municiar a decis\u00e3o final, que ser\u00e1, segundo ele, do ministro Weintraub.<\/p>\n\n\n\n<p>O plano \u00e9 que essa an\u00e1lise termine no segundo semestre.&#8221;Estamos buscando elementos em localidades onde possa ter aumento das vagas de medicina, um trabalho em conjunto com o Minist\u00e9rio da Sa\u00fade&#8221;, disse ele, ap\u00f3s palestra no 12\u00ba Congresso Brasileiro da Educa\u00e7\u00e3o Superior Particular, que ocorre em Belo Horizonte at\u00e9 s\u00e1bado (8).&nbsp;<\/p>\n\n\n\n<p>Segundo ele, o MEC tamb\u00e9m analisa se manter\u00e1 o atual formato para a cria\u00e7\u00e3o de cursos de medicina. Vigente desde antes da suspens\u00e3o de oferta, o governo realiza um edital de chamada p\u00fablica para credenciar as institui\u00e7\u00f5es que v\u00e3o montar o curso.<br>Marco Aurelio ressaltou que a &#8220;decis\u00e3o pol\u00edtica&#8221; para uma poss\u00edvel revis\u00e3o da morat\u00f3ria ser\u00e1 do ministro, que avaliar\u00e1 as informa\u00e7\u00f5es t\u00e9cnicas.&nbsp;<\/p>\n\n\n\n<p>&#8220;Como \u00e9 uma demanda muito grande, um pedido muito grande principalmente dos parlamentes, mas tamb\u00e9m dos mantenedores [de institui\u00e7\u00f5es privadas de ensino], \u00e9 uma demanda geral da sociedade. \u00c9 l\u00f3gico que temos de ter o estudo em dia&#8221;, disse ele, que \u00e9 diretor de Regula\u00e7\u00e3o da Educa\u00e7\u00e3o Superior da Seres e compareceu ao Congresso em substitui\u00e7\u00e3o do titular da subpasta, Ata\u00edde Alves.<\/p>\n\n\n\n<p>Na abertura do evento, na quinta-feira (6), Weintraub defendeu o fortalecimento do ensino superior privado e disse que o governo pretende relaxar as regras de regula\u00e7\u00e3o de cursos e institui\u00e7\u00f5es. A fala ocorre ap\u00f3s ataques a universidades federais e bloqueios de recursos.<\/p>\n\n\n\n<p>O argumento do governo Temer para essa morat\u00f3ria de cinco anos, que vale para institui\u00e7\u00f5es particulares e p\u00fablicas, foi a necessidade de fazer uma avalia\u00e7\u00e3o e adequa\u00e7\u00e3o da forma\u00e7\u00e3o m\u00e9dica no Brasil por causa do avan\u00e7o no n\u00famero de novos cursos nos \u00faltimos anos.<\/p>\n\n\n\n<p>A decis\u00e3o agradou entidades m\u00e9dicas, como o Conselho Federal de Medicina. Por outro lado, entidades que representam as institui\u00e7\u00f5es de ensino superior privado s\u00e3o cr\u00edticos da proibi\u00e7\u00e3o.<\/p>\n\n\n\n<p>Para organiza\u00e7\u00f5es como o Semesp (Sindicato das Mantenedoras de Ensino Superior), o ato representa reserva de mercado e contraria as pr\u00f3prias ferramentas de avalia\u00e7\u00e3o de cursos aplicadas pelo MEC.<\/p>\n\n\n\n<p>H\u00e1 cerca de 31 mil vagas de curso de medicina atualmente. Por praticar altas mensalidades e contar com grande demanda de alunos, cursos de medicina tem elevado valor de mercado no \u00e2mbito do ensino superior privado.<\/p>\n\n\n\n<p>A rela\u00e7\u00e3o no pa\u00eds \u00e9 de 2,1 m\u00e9dicos para cada mil habitantes, pr\u00f3ximo de pa\u00edses desenvolvidos. Mas esse volume \u00e9 muito concentrado nas capitais e h\u00e1 falta de m\u00e9dicos em diversas regi\u00f5es.<\/p>\n\n\n\n<p>O 12\u00ba Congresso Brasileiro da Educa\u00e7\u00e3o Superior Particular \u00e9 organizado pelo F\u00f3rum das Entidades Representativas do Ensino Superior. Neste ano, o evento registrou a participa\u00e7\u00e3o de mais de 500 pessoas, entre propriet\u00e1rios de institui\u00e7\u00f5es e de grupos educacionais, investidores do setor, pesquisadores e professores.<\/p>\n\n\n\n<p>O rep\u00f3rter viajou a convite do 12\u00ba Congresso Brasileiro da Educa\u00e7\u00e3o Superior Particular.<\/p>\n","protected":false},"excerpt":{"rendered":"<p>O MEC (Minist\u00e9rio da Educa\u00e7\u00e3o) tem desenvolvido estudos para analisar uma poss\u00edvel revis\u00e3o da portaria que suspendeu a abertura de novos cursos de medicina no&hellip; <\/p>\n","protected":false},"author":1,"featured_media":98710,"comment_status":"closed","ping_status":"closed","sticky":false,"template":"","format":"standard","meta":{"sfsi_plus_gutenberg_text_before_share":"","sfsi_plus_gutenberg_show_text_before_share":"","sfsi_plus_gutenberg_icon_type":"","sfsi_plus_gutenberg_icon_alignemt":"","sfsi_plus_gutenburg_max_per_row":"","footnotes":""},"categories":[11],"tags":[],"class_list":["post-98709","post","type-post","status-publish","format-standard","has-post-thumbnail","hentry","category-politica"],"_links":{"self":[{"href":"https:\/\/www.caririemacao.com\/1\/wp-json\/wp\/v2\/posts\/98709","targetHints":{"allow":["GET"]}}],"collection":[{"href":"https:\/\/www.caririemacao.com\/1\/wp-json\/wp\/v2\/posts"}],"about":[{"href":"https:\/\/www.caririemacao.com\/1\/wp-json\/wp\/v2\/types\/post"}],"author":[{"embeddable":true,"href":"https:\/\/www.caririemacao.com\/1\/wp-json\/wp\/v2\/users\/1"}],"replies":[{"embeddable":true,"href":"https:\/\/www.caririemacao.com\/1\/wp-json\/wp\/v2\/comments?post=98709"}],"version-history":[{"count":1,"href":"https:\/\/www.caririemacao.com\/1\/wp-json\/wp\/v2\/posts\/98709\/revisions"}],"predecessor-version":[{"id":98711,"href":"https:\/\/www.caririemacao.com\/1\/wp-json\/wp\/v2\/posts\/98709\/revisions\/98711"}],"wp:featuredmedia":[{"embeddable":true,"href":"https:\/\/www.caririemacao.com\/1\/wp-json\/wp\/v2\/media\/98710"}],"wp:attachment":[{"href":"https:\/\/www.caririemacao.com\/1\/wp-json\/wp\/v2\/media?parent=98709"}],"wp:term":[{"taxonomy":"category","embeddable":true,"href":"https:\/\/www.caririemacao.com\/1\/wp-json\/wp\/v2\/categories?post=98709"},{"taxonomy":"post_tag","embeddable":true,"href":"https:\/\/www.caririemacao.com\/1\/wp-json\/wp\/v2\/tags?post=98709"}],"curies":[{"name":"wp","href":"https:\/\/api.w.org\/{rel}","templated":true}]}}