{"id":98714,"date":"2019-06-07T17:53:23","date_gmt":"2019-06-07T20:53:23","guid":{"rendered":"http:\/\/www.caririemacao.com\/1\/?p=98714"},"modified":"2019-06-07T17:53:23","modified_gmt":"2019-06-07T20:53:23","slug":"inscricoes-para-o-prouni-comecam-na-proxima-terca-feira","status":"publish","type":"post","link":"https:\/\/www.caririemacao.com\/1\/2019\/06\/07\/inscricoes-para-o-prouni-comecam-na-proxima-terca-feira\/","title":{"rendered":"Inscri\u00e7\u00f5es para o ProUni come\u00e7am na pr\u00f3xima ter\u00e7a-feira"},"content":{"rendered":"\n<p>Na pr\u00f3xima ter\u00e7a-feira (11) ser\u00e3o abertas as inscri\u00e7\u00f5es para o Programa Universidade para Todos (ProUni) do segundo semestre de 2019. O programa oferta bolsas de estudo em institui\u00e7\u00f5es particulares de ensino superior.<\/p>\n\n\n\n<p>O prazo para participar da sele\u00e7\u00e3o vai at\u00e9 14 de junho. A inscri\u00e7\u00e3o dever\u00e1 ser feita pela internet, no&nbsp;<a href=\"http:\/\/prouniportal.mec.gov.br\/\">site do ProUni<\/a>. \u00c9 preciso informar o n\u00famero de inscri\u00e7\u00e3o no Exame Nacional do Ensino M\u00e9dio (Enem) 2018 e a senha.<\/p>\n\n\n\n<p>Podem se inscrever candidatos que n\u00e3o tenham diploma de curso superior e que participaram do Enem 2018. \u00c9 necess\u00e1rio ter obtido uma nota m\u00ednima de 450 pontos na m\u00e9dia aritm\u00e9tica nas provas do Enem. Outra exig\u00eancia \u00e9 a de que o aluno n\u00e3o tenha tirado zero na reda\u00e7\u00e3o.<\/p>\n\n\n\n<p>Cada estudante precisa ter cursado o ensino m\u00e9dio completo em escola p\u00fablica ou em institui\u00e7\u00e3o privada como bolsista integral. Tamb\u00e9m podem participar do programa estudantes com defici\u00eancia e professores da rede p\u00fablica.<\/p>\n\n\n\n<p><strong>Bolsas<\/strong><\/p>\n\n\n\n<p>As bolsas de estudo ofertadas s\u00e3o parciais, de 50% do valor da mensalidade, e integrais, de 100%, e s\u00e3o para o segundo semestre deste ano.<\/p>\n\n\n\n<p>As bolsas integrais s\u00e3o destinadas a estudantes com renda familiar bruta per capita de at\u00e9 1,5 sal\u00e1rio m\u00ednimo. As bolsas parciais contemplaram os candidatos que t\u00eam renda familiar bruta per capita de at\u00e9 3 sal\u00e1rios m\u00ednimos.<\/p>\n\n\n\n<p><strong>Resultado<\/strong><\/p>\n\n\n\n<p>A divulga\u00e7\u00e3o do resultado da primeira chamada est\u00e1 prevista para 18 de junho deste ano. J\u00e1 a segunda chamada ser\u00e1 no dia 2 de julho.<\/p>\n\n\n\n<p>O candidato pr\u00e9-selecionado dever\u00e1 comparecer \u00e0 respectiva institui\u00e7\u00e3o de ensino superior para comprova\u00e7\u00e3o das informa\u00e7\u00f5es no per\u00edodo de 18 a 25 de junho, caso tenha sido selecionado na primeira chamada e de 2 a 8 de julho na segunda.<\/p>\n\n\n\n<p>A lista de espera, caso as vagas n\u00e3o sejam ocupadas, fica dispon\u00edvel no site para consulta pelas institui\u00e7\u00f5es de ensino no dia 18 de julho.<\/p>\n","protected":false},"excerpt":{"rendered":"<p>Na pr\u00f3xima ter\u00e7a-feira (11) ser\u00e3o abertas as inscri\u00e7\u00f5es para o Programa Universidade para Todos (ProUni) do segundo semestre de 2019. O programa oferta bolsas de&hellip; <\/p>\n","protected":false},"author":1,"featured_media":59541,"comment_status":"closed","ping_status":"closed","sticky":false,"template":"","format":"standard","meta":{"sfsi_plus_gutenberg_text_before_share":"","sfsi_plus_gutenberg_show_text_before_share":"","sfsi_plus_gutenberg_icon_type":"","sfsi_plus_gutenberg_icon_alignemt":"","sfsi_plus_gutenburg_max_per_row":"","footnotes":""},"categories":[14],"tags":[],"class_list":["post-98714","post","type-post","status-publish","format-standard","has-post-thumbnail","hentry","category-educacao"],"_links":{"self":[{"href":"https:\/\/www.caririemacao.com\/1\/wp-json\/wp\/v2\/posts\/98714","targetHints":{"allow":["GET"]}}],"collection":[{"href":"https:\/\/www.caririemacao.com\/1\/wp-json\/wp\/v2\/posts"}],"about":[{"href":"https:\/\/www.caririemacao.com\/1\/wp-json\/wp\/v2\/types\/post"}],"author":[{"embeddable":true,"href":"https:\/\/www.caririemacao.com\/1\/wp-json\/wp\/v2\/users\/1"}],"replies":[{"embeddable":true,"href":"https:\/\/www.caririemacao.com\/1\/wp-json\/wp\/v2\/comments?post=98714"}],"version-history":[{"count":1,"href":"https:\/\/www.caririemacao.com\/1\/wp-json\/wp\/v2\/posts\/98714\/revisions"}],"predecessor-version":[{"id":98715,"href":"https:\/\/www.caririemacao.com\/1\/wp-json\/wp\/v2\/posts\/98714\/revisions\/98715"}],"wp:featuredmedia":[{"embeddable":true,"href":"https:\/\/www.caririemacao.com\/1\/wp-json\/wp\/v2\/media\/59541"}],"wp:attachment":[{"href":"https:\/\/www.caririemacao.com\/1\/wp-json\/wp\/v2\/media?parent=98714"}],"wp:term":[{"taxonomy":"category","embeddable":true,"href":"https:\/\/www.caririemacao.com\/1\/wp-json\/wp\/v2\/categories?post=98714"},{"taxonomy":"post_tag","embeddable":true,"href":"https:\/\/www.caririemacao.com\/1\/wp-json\/wp\/v2\/tags?post=98714"}],"curies":[{"name":"wp","href":"https:\/\/api.w.org\/{rel}","templated":true}]}}