{"id":98718,"date":"2019-06-07T19:13:22","date_gmt":"2019-06-07T22:13:22","guid":{"rendered":"http:\/\/www.caririemacao.com\/1\/?p=98718"},"modified":"2019-06-07T19:13:22","modified_gmt":"2019-06-07T22:13:22","slug":"privatizacao-dos-correios-ganha-forca-no-governo-diz-bolsonaro","status":"publish","type":"post","link":"https:\/\/www.caririemacao.com\/1\/2019\/06\/07\/privatizacao-dos-correios-ganha-forca-no-governo-diz-bolsonaro\/","title":{"rendered":"Privatiza\u00e7\u00e3o dos Correios ganha for\u00e7a no governo, diz Bolsonaro"},"content":{"rendered":"\n<p>O presidente Jair Bolsonaro disse hoje (7) que a privatiza\u00e7\u00e3o dos Correios ganhou for\u00e7a em seu governo. A manifesta\u00e7\u00e3o foi postada em sua&nbsp;<a href=\"https:\/\/twitter.com\/jairbolsonaro\/status\/1137095497057996800\">conta oficial no Twitter<\/a>. Para ele, a menor participa\u00e7\u00e3o do Estado pode melhorar e baratear os servi\u00e7os p\u00fablicos.&nbsp;<\/p>\n\n\n\n<p>&#8220;Servi\u00e7os melhores e mais baratos s\u00f3 podem existir com menos Estado e mais concorr\u00eancia, via iniciativa privada. Entre as estatais, a privatiza\u00e7\u00e3o dos Correios ganha for\u00e7a em nosso Governo&#8221;,&nbsp;<a href=\"https:\/\/twitter.com\/jairbolsonaro\/status\/1137095497057996800\">tuitou<\/a>.<\/p>\n\n\n\n<p>N\u00e3o \u00e9 a primeira vez que o presidente se manifesta a favor da privatiza\u00e7\u00e3o da estatal. Em abril, ele havia autorizado estudos para a desestatiza\u00e7\u00e3o da companhia.&nbsp;<\/p>\n\n\n\n<p>Com 356 anos de exist\u00eancia, a Empresa Brasileira de Correios e Tel\u00e9grafos (ECT) \u00e9 subordinada hoje ao Minist\u00e9rio das Comunica\u00e7\u00f5es, Ci\u00eancia, Tecnologia e Inova\u00e7\u00e3o. Ap\u00f3s preju\u00edzos registrados entre 2013 e 2016, a estatal registrou lucro de R$ 161 milh\u00f5es em 2018 e de R$ 667,3 milh\u00f5es em 2017.<\/p>\n\n\n\n<p>A manifesta\u00e7\u00e3o ocorre um dia depois do plen\u00e1rio do Supremo Tribunal Federal (STF) ter decidido, por maioria, liberar a venda do controle acion\u00e1rio de subsidi\u00e1rias de empresas p\u00fablicas e sociedades de economia mista, sem que para isso seja preciso aval legislativo ou processo de licita\u00e7\u00e3o. A venda sem autoriza\u00e7\u00e3o do Congresso Nacional n\u00e3o vale, contudo, para empresas matrizes, como \u00e9 o caso dos Correios, que ainda precisar\u00e1 de autoriza\u00e7\u00e3o parlamentar.&nbsp;<\/p>\n\n\n\n<p>Os Correios possuem, no entanto, uma subsidi\u00e1ria, a Correios Participa\u00e7\u00f5es (CorreiosPar), criada em 2015, que desenvolve projetos nos segmentos financeiro, de comunica\u00e7\u00e3o digital e de log\u00edstica integrada.&nbsp;&nbsp;<\/p>\n","protected":false},"excerpt":{"rendered":"<p>O presidente Jair Bolsonaro disse hoje (7) que a privatiza\u00e7\u00e3o dos Correios ganhou for\u00e7a em seu governo. A manifesta\u00e7\u00e3o foi postada em sua&nbsp;conta oficial no&hellip; <\/p>\n","protected":false},"author":1,"featured_media":96660,"comment_status":"closed","ping_status":"closed","sticky":false,"template":"","format":"standard","meta":{"sfsi_plus_gutenberg_text_before_share":"","sfsi_plus_gutenberg_show_text_before_share":"","sfsi_plus_gutenberg_icon_type":"","sfsi_plus_gutenberg_icon_alignemt":"","sfsi_plus_gutenburg_max_per_row":"","footnotes":""},"categories":[11],"tags":[],"class_list":["post-98718","post","type-post","status-publish","format-standard","has-post-thumbnail","hentry","category-politica"],"_links":{"self":[{"href":"https:\/\/www.caririemacao.com\/1\/wp-json\/wp\/v2\/posts\/98718","targetHints":{"allow":["GET"]}}],"collection":[{"href":"https:\/\/www.caririemacao.com\/1\/wp-json\/wp\/v2\/posts"}],"about":[{"href":"https:\/\/www.caririemacao.com\/1\/wp-json\/wp\/v2\/types\/post"}],"author":[{"embeddable":true,"href":"https:\/\/www.caririemacao.com\/1\/wp-json\/wp\/v2\/users\/1"}],"replies":[{"embeddable":true,"href":"https:\/\/www.caririemacao.com\/1\/wp-json\/wp\/v2\/comments?post=98718"}],"version-history":[{"count":1,"href":"https:\/\/www.caririemacao.com\/1\/wp-json\/wp\/v2\/posts\/98718\/revisions"}],"predecessor-version":[{"id":98719,"href":"https:\/\/www.caririemacao.com\/1\/wp-json\/wp\/v2\/posts\/98718\/revisions\/98719"}],"wp:featuredmedia":[{"embeddable":true,"href":"https:\/\/www.caririemacao.com\/1\/wp-json\/wp\/v2\/media\/96660"}],"wp:attachment":[{"href":"https:\/\/www.caririemacao.com\/1\/wp-json\/wp\/v2\/media?parent=98718"}],"wp:term":[{"taxonomy":"category","embeddable":true,"href":"https:\/\/www.caririemacao.com\/1\/wp-json\/wp\/v2\/categories?post=98718"},{"taxonomy":"post_tag","embeddable":true,"href":"https:\/\/www.caririemacao.com\/1\/wp-json\/wp\/v2\/tags?post=98718"}],"curies":[{"name":"wp","href":"https:\/\/api.w.org\/{rel}","templated":true}]}}