{"id":98727,"date":"2019-06-07T19:29:01","date_gmt":"2019-06-07T22:29:01","guid":{"rendered":"http:\/\/www.caririemacao.com\/1\/?p=98727"},"modified":"2019-06-07T19:29:01","modified_gmt":"2019-06-07T22:29:01","slug":"vereador-lenilson-defende-aplicacao-dos-60-do-precatorio-do-fundef-para-os-professores-da-rede-municipal-de-ensino-do-congo","status":"publish","type":"post","link":"https:\/\/www.caririemacao.com\/1\/2019\/06\/07\/vereador-lenilson-defende-aplicacao-dos-60-do-precatorio-do-fundef-para-os-professores-da-rede-municipal-de-ensino-do-congo\/","title":{"rendered":"Vereador Lenilson defende aplica\u00e7\u00e3o dos 60% do precat\u00f3rio do FUNDEF para os professores da Rede Municipal de Ensino do Congo"},"content":{"rendered":"\n<p>O vereador do Congo, Lenilson Bezerra, vem defendendo que a\nPrefeitura Municipal aplique como adicional salarial dos professores, 60% dos\nprecat\u00f3rios que recebeu do Fundef aos professores da Rede Municipal de Ensino do\nCongo.<\/p>\n\n\n\n<p>De acordo com o parlamentar, o adicional vem atender a uma just\u00edssima\nreivindica\u00e7\u00e3o dos professores do Congo, bem como, refor\u00e7ando os sal\u00e1rios e valorizando\nos professores.<\/p>\n\n\n\n<p>Lenilson lembrou que este recurso est\u00e1 na conta do munic\u00edpio\ne o adicional aos precat\u00f3rios que t\u00eam origem em erros de c\u00e1lculos da Uni\u00e3o ao\nefetuar os repasses da complementa\u00e7\u00e3o do Fundef \u2013 atualmente Fundeb \u2013 a estados\ne munic\u00edpios. O passivo acumulado no per\u00edodo entre 1998 e 2006 chega a R$ 90\nbilh\u00f5es em todo Brasil, causando assim, preju\u00edzo aos professores,\nprincipalmente os da cidade de Congo.<\/p>\n","protected":false},"excerpt":{"rendered":"<p>O vereador do Congo, Lenilson Bezerra, vem defendendo que a Prefeitura Municipal aplique como adicional salarial dos professores, 60% dos precat\u00f3rios que recebeu do Fundef&hellip; <\/p>\n","protected":false},"author":2,"featured_media":98736,"comment_status":"closed","ping_status":"closed","sticky":false,"template":"","format":"standard","meta":{"sfsi_plus_gutenberg_text_before_share":"","sfsi_plus_gutenberg_show_text_before_share":"","sfsi_plus_gutenberg_icon_type":"","sfsi_plus_gutenberg_icon_alignemt":"","sfsi_plus_gutenburg_max_per_row":"","footnotes":""},"categories":[50,2],"tags":[],"class_list":["post-98727","post","type-post","status-publish","format-standard","has-post-thumbnail","hentry","category-destaque","category-geral"],"_links":{"self":[{"href":"https:\/\/www.caririemacao.com\/1\/wp-json\/wp\/v2\/posts\/98727","targetHints":{"allow":["GET"]}}],"collection":[{"href":"https:\/\/www.caririemacao.com\/1\/wp-json\/wp\/v2\/posts"}],"about":[{"href":"https:\/\/www.caririemacao.com\/1\/wp-json\/wp\/v2\/types\/post"}],"author":[{"embeddable":true,"href":"https:\/\/www.caririemacao.com\/1\/wp-json\/wp\/v2\/users\/2"}],"replies":[{"embeddable":true,"href":"https:\/\/www.caririemacao.com\/1\/wp-json\/wp\/v2\/comments?post=98727"}],"version-history":[{"count":1,"href":"https:\/\/www.caririemacao.com\/1\/wp-json\/wp\/v2\/posts\/98727\/revisions"}],"predecessor-version":[{"id":98737,"href":"https:\/\/www.caririemacao.com\/1\/wp-json\/wp\/v2\/posts\/98727\/revisions\/98737"}],"wp:featuredmedia":[{"embeddable":true,"href":"https:\/\/www.caririemacao.com\/1\/wp-json\/wp\/v2\/media\/98736"}],"wp:attachment":[{"href":"https:\/\/www.caririemacao.com\/1\/wp-json\/wp\/v2\/media?parent=98727"}],"wp:term":[{"taxonomy":"category","embeddable":true,"href":"https:\/\/www.caririemacao.com\/1\/wp-json\/wp\/v2\/categories?post=98727"},{"taxonomy":"post_tag","embeddable":true,"href":"https:\/\/www.caririemacao.com\/1\/wp-json\/wp\/v2\/tags?post=98727"}],"curies":[{"name":"wp","href":"https:\/\/api.w.org\/{rel}","templated":true}]}}