{"id":98741,"date":"2019-06-07T19:51:45","date_gmt":"2019-06-07T22:51:45","guid":{"rendered":"http:\/\/www.caririemacao.com\/1\/?p=98741"},"modified":"2019-06-07T19:51:45","modified_gmt":"2019-06-07T22:51:45","slug":"sao-sebastiao-do-umbuzeiro-comemora-60-anos-de-emancipacao-politica","status":"publish","type":"post","link":"https:\/\/www.caririemacao.com\/1\/2019\/06\/07\/sao-sebastiao-do-umbuzeiro-comemora-60-anos-de-emancipacao-politica\/","title":{"rendered":"S\u00e3o Sebasti\u00e3o do Umbuzeiro comemora 60 anos de emancipa\u00e7\u00e3o pol\u00edtica"},"content":{"rendered":"\n<p>Neste s\u00e1bado, dia 8 de junho, a cidade de S\u00e3o Sebasti\u00e3o do Umbuzeiro comemora seus 60 anos de emancipa\u00e7\u00e3o pol\u00edtica que j\u00e1 vem se tornando tradi\u00e7\u00e3o em toda a cidade e regi\u00e3o. As festividades em comemora\u00e7\u00e3o ter\u00e3o in\u00edcio pela manh\u00e3, onde haver\u00e1 hasteamento da bandeira na C\u00e2mara e Prefeitura Municipal.<\/p>\n\n\n\n<p>No decorrer da programa\u00e7\u00e3o ocorrer\u00e1 a corrida de 100m e maratona com mais de 7 mil reais em premia\u00e7\u00e3o, corrida de mountain bike, IV encontro de bandas, e a partir das 22h, grandes shows em pra\u00e7a p\u00fablica com Conde do Forr\u00f3 e Cezinha atrevido. <\/p>\n\n\n\n<p>No dia 9, haver\u00e1 show com Ot\u00e1vio do acordeon nos quiosques da cidade, encerrando as festividades. <\/p>\n","protected":false},"excerpt":{"rendered":"<p>Neste s\u00e1bado, dia 8 de junho, a cidade de S\u00e3o Sebasti\u00e3o do Umbuzeiro comemora seus 60 anos de emancipa\u00e7\u00e3o pol\u00edtica que j\u00e1 vem se tornando&hellip; <\/p>\n","protected":false},"author":2,"featured_media":98742,"comment_status":"closed","ping_status":"closed","sticky":false,"template":"","format":"standard","meta":{"sfsi_plus_gutenberg_text_before_share":"","sfsi_plus_gutenberg_show_text_before_share":"","sfsi_plus_gutenberg_icon_type":"","sfsi_plus_gutenberg_icon_alignemt":"","sfsi_plus_gutenburg_max_per_row":"","footnotes":""},"categories":[6,50],"tags":[],"class_list":["post-98741","post","type-post","status-publish","format-standard","has-post-thumbnail","hentry","category-cidades","category-destaque"],"_links":{"self":[{"href":"https:\/\/www.caririemacao.com\/1\/wp-json\/wp\/v2\/posts\/98741","targetHints":{"allow":["GET"]}}],"collection":[{"href":"https:\/\/www.caririemacao.com\/1\/wp-json\/wp\/v2\/posts"}],"about":[{"href":"https:\/\/www.caririemacao.com\/1\/wp-json\/wp\/v2\/types\/post"}],"author":[{"embeddable":true,"href":"https:\/\/www.caririemacao.com\/1\/wp-json\/wp\/v2\/users\/2"}],"replies":[{"embeddable":true,"href":"https:\/\/www.caririemacao.com\/1\/wp-json\/wp\/v2\/comments?post=98741"}],"version-history":[{"count":1,"href":"https:\/\/www.caririemacao.com\/1\/wp-json\/wp\/v2\/posts\/98741\/revisions"}],"predecessor-version":[{"id":98743,"href":"https:\/\/www.caririemacao.com\/1\/wp-json\/wp\/v2\/posts\/98741\/revisions\/98743"}],"wp:featuredmedia":[{"embeddable":true,"href":"https:\/\/www.caririemacao.com\/1\/wp-json\/wp\/v2\/media\/98742"}],"wp:attachment":[{"href":"https:\/\/www.caririemacao.com\/1\/wp-json\/wp\/v2\/media?parent=98741"}],"wp:term":[{"taxonomy":"category","embeddable":true,"href":"https:\/\/www.caririemacao.com\/1\/wp-json\/wp\/v2\/categories?post=98741"},{"taxonomy":"post_tag","embeddable":true,"href":"https:\/\/www.caririemacao.com\/1\/wp-json\/wp\/v2\/tags?post=98741"}],"curies":[{"name":"wp","href":"https:\/\/api.w.org\/{rel}","templated":true}]}}