{"id":98744,"date":"2019-06-07T20:20:31","date_gmt":"2019-06-07T23:20:31","guid":{"rendered":"http:\/\/www.caririemacao.com\/1\/?p=98744"},"modified":"2019-06-07T20:20:31","modified_gmt":"2019-06-07T23:20:31","slug":"transposicao-orgaos-federais-e-estaduais-discutem-andamento-das-obras-do-pisf","status":"publish","type":"post","link":"https:\/\/www.caririemacao.com\/1\/2019\/06\/07\/transposicao-orgaos-federais-e-estaduais-discutem-andamento-das-obras-do-pisf\/","title":{"rendered":"TRANSPOSI\u00c7\u00c3O: \u00d3rg\u00e3os federais e estaduais discutem andamento das obras do PISF"},"content":{"rendered":"\n<p>Na manh\u00e3 desta quinta-feira, 6 de junho, a Ag\u00eancia Nacional de \u00c1guas (ANA) promoveu reuni\u00e3o em sua sede, em Bras\u00edlia, e por videoconfer\u00eancia sobre o acompanhamento das atividades de implementa\u00e7\u00e3o do Projeto de Integra\u00e7\u00e3o do S\u00e3o Francisco (PISF). <\/p>\n\n\n\n<p>Participaram do encontro mensal representantes do Minist\u00e9rio do Desenvolvimento Regional (MDR), Companhia de Desenvolvimento dos Vales do S\u00e3o Francisco e do Parna\u00edba (CODEVASF) e representantes de \u00f3rg\u00e3os dos quatro estados receptores das \u00e1guas da transposi\u00e7\u00e3o: Cear\u00e1, Para\u00edba, Pernambuco e Rio Grande do Norte. <\/p>\n\n\n\n<p>Durante a reuni\u00e3o, o coordenador-geral de Estudos e Projetos do MDR, Rafael Silveira, apresentou o est\u00e1gio de implementa\u00e7\u00e3o do PISF e as pend\u00eancias do empreendimento tanto no Eixo Leste quanto no Eixo Norte. <\/p>\n\n\n\n<p>Silveira comentou sobre o est\u00e1dio de recupera\u00e7\u00e3o do Dique Negreiros e sobre problemas identificados e os respectivos prazos para corre\u00e7\u00e3o deles. O superintendente adjunto de Regula\u00e7\u00e3o da ANA,Patrick Thomas, abordou a audi\u00eancia p\u00fablica sobre mudan\u00e7as com o objetivo de reduzir custos da adu\u00e7\u00e3o de \u00e1gua bruta do PISF, que estar\u00e1 aberta at\u00e9 o pr\u00f3ximo dia 2 de julho. Segundo a proposta da Ag\u00eancia para altera\u00e7\u00e3o da Resolu\u00e7\u00e3o ANA n\u00ba 2.333\/2017 \u2013 que cont\u00e9m as condi\u00e7\u00f5es para opera\u00e7\u00e3o do servi\u00e7o de adu\u00e7\u00e3o de \u00e1gua bruta do Projeto pela CODEVASF \u2013 as operadoras estaduais do PISF, que distribuir\u00e3o as \u00e1guas da transposi\u00e7\u00e3o nos estados receptores, dever\u00e3o elaborar um Plano Operativo Anual contendo as vaz\u00f5es m\u00e1xima, m\u00e9dia e m\u00ednima a serem utilizadas no ano do documento e o planejamento dos dois anos subsequentes. <\/p>\n\n\n\n<p>A medida busca criar condi\u00e7\u00f5es para que a CODEVASF possa celebrar contratos de compra de energia el\u00e9trica com maior prazo de modo a reduzir os custos de adu\u00e7\u00e3o da \u00e1gua do PISF e a tarifa para este servi\u00e7o, sendo que aproximadamente 70% dos custos do servi\u00e7o de adu\u00e7\u00e3o s\u00e3o decorrentes da compra de energia.\u00a0\u00a0<\/p>\n\n\n\n<p>Estas reuni\u00f5es mensais de acompanhamento do PISF s\u00e3o uma iniciativa da ANA para ampliar a articula\u00e7\u00e3o entre \u00f3rg\u00e3os federais e estaduais nas fases de implementa\u00e7\u00e3o e de pr\u00e9-opera\u00e7\u00e3o do Projeto. Para isso, a Ag\u00eancia instalou o Comit\u00ea de Implementa\u00e7\u00e3o das A\u00e7\u00f5es da ANA referentes ao Projeto de Integra\u00e7\u00e3o do Rio S\u00e3o Francisco com Bacias Hidrogr\u00e1ficas do Nordeste Setentrional (CIPISF) em 19 de fevereiro de 2019. <\/p>\n\n\n\n<p>PISF\u00a0\u00a0O objetivo do PISF \u00e9 levar \u00e1gua do rio S\u00e3o Francisco a 12 milh\u00f5es de pessoas em 390 munic\u00edpios no Cear\u00e1, na Para\u00edba, em Pernambuco e no Rio Grande do Norte, estados historicamente vulner\u00e1veis \u00e0 seca. O Projeto tamb\u00e9m visa a beneficiar 294 comunidades rurais \u00e0s margens dos canais. O empreendimento abrange a constru\u00e7\u00e3o de 13 aquedutos, nove esta\u00e7\u00f5es de bombeamento, 28 reservat\u00f3rios, nove subesta\u00e7\u00f5es de 230 quilowatts, 270 quil\u00f4metros de linhas de transmiss\u00e3o em alta tens\u00e3o e quatro t\u00faneis.<\/p>\n\n\n\n<p>O Eixo Leste tem 217 quil\u00f4metros, passando por Pernambuco e Para\u00edba. O Eixo Norte tem 260km e atender\u00e1 munic\u00edpios de Pernambuco, Cear\u00e1, Para\u00edba e Rio Grande do Norte. <\/p>\n\n\n\n<p>No Eixo Norte, as obras do Projeto de Integra\u00e7\u00e3o do Rio S\u00e3o Francisco passam pelos seguintes munic\u00edpios: Cabrob\u00f3, Salgueiro, Terranova e Verdejante, em Pernambuco; Penaforte, Jati, Brejo Santo, Mauriti e Barro, no Cear\u00e1; S\u00e3o Jos\u00e9 de Piranhas, Monte Horebe e Cajazeiras, na Para\u00edba. J\u00e1 no Eixo Leste, o empreendimento atravessa os munic\u00edpios pernambucanos de Floresta, Cust\u00f3dia, Bet\u00e2nia e Sert\u00e2nia; e a cidade paraibana de Monteiro.<\/p>\n","protected":false},"excerpt":{"rendered":"<p>Na manh\u00e3 desta quinta-feira, 6 de junho, a Ag\u00eancia Nacional de \u00c1guas (ANA) promoveu reuni\u00e3o em sua sede, em Bras\u00edlia, e por videoconfer\u00eancia sobre o&hellip; <\/p>\n","protected":false},"author":1,"featured_media":98745,"comment_status":"closed","ping_status":"closed","sticky":false,"template":"","format":"standard","meta":{"sfsi_plus_gutenberg_text_before_share":"","sfsi_plus_gutenberg_show_text_before_share":"","sfsi_plus_gutenberg_icon_type":"","sfsi_plus_gutenberg_icon_alignemt":"","sfsi_plus_gutenburg_max_per_row":"","footnotes":""},"categories":[2],"tags":[],"class_list":["post-98744","post","type-post","status-publish","format-standard","has-post-thumbnail","hentry","category-geral"],"_links":{"self":[{"href":"https:\/\/www.caririemacao.com\/1\/wp-json\/wp\/v2\/posts\/98744","targetHints":{"allow":["GET"]}}],"collection":[{"href":"https:\/\/www.caririemacao.com\/1\/wp-json\/wp\/v2\/posts"}],"about":[{"href":"https:\/\/www.caririemacao.com\/1\/wp-json\/wp\/v2\/types\/post"}],"author":[{"embeddable":true,"href":"https:\/\/www.caririemacao.com\/1\/wp-json\/wp\/v2\/users\/1"}],"replies":[{"embeddable":true,"href":"https:\/\/www.caririemacao.com\/1\/wp-json\/wp\/v2\/comments?post=98744"}],"version-history":[{"count":1,"href":"https:\/\/www.caririemacao.com\/1\/wp-json\/wp\/v2\/posts\/98744\/revisions"}],"predecessor-version":[{"id":98746,"href":"https:\/\/www.caririemacao.com\/1\/wp-json\/wp\/v2\/posts\/98744\/revisions\/98746"}],"wp:featuredmedia":[{"embeddable":true,"href":"https:\/\/www.caririemacao.com\/1\/wp-json\/wp\/v2\/media\/98745"}],"wp:attachment":[{"href":"https:\/\/www.caririemacao.com\/1\/wp-json\/wp\/v2\/media?parent=98744"}],"wp:term":[{"taxonomy":"category","embeddable":true,"href":"https:\/\/www.caririemacao.com\/1\/wp-json\/wp\/v2\/categories?post=98744"},{"taxonomy":"post_tag","embeddable":true,"href":"https:\/\/www.caririemacao.com\/1\/wp-json\/wp\/v2\/tags?post=98744"}],"curies":[{"name":"wp","href":"https:\/\/api.w.org\/{rel}","templated":true}]}}