{"id":98771,"date":"2019-06-08T07:09:40","date_gmt":"2019-06-08T10:09:40","guid":{"rendered":"http:\/\/www.caririemacao.com\/1\/?p=98771"},"modified":"2019-06-08T07:09:40","modified_gmt":"2019-06-08T10:09:40","slug":"prefeito-adriano-wolff-parabeniza-sao-sebastiao-do-umbuzeiro","status":"publish","type":"post","link":"https:\/\/www.caririemacao.com\/1\/2019\/06\/08\/prefeito-adriano-wolff-parabeniza-sao-sebastiao-do-umbuzeiro\/","title":{"rendered":"Prefeito Adriano Wolff parabeniza S\u00e3o Sebasti\u00e3o do Umbuzeiro"},"content":{"rendered":"\n<p>A cidade de S\u00e3o Sebasti\u00e3o do Umbuzeiro comemora neste s\u00e1bado, dia 8 de junho, 60 anos de emancipa\u00e7\u00e3o pol\u00edtica, e o prefeito Adriano Wolff, aproveita para parabenizar a popula\u00e7\u00e3o umbuzeirense e agradecer a confian\u00e7a dada no comando do Poder Executivo Municipal, administrando os destinos do munic\u00edpio.<\/p>\n\n\n\n<p>\u201cQuero aqui parabenizar todos n\u00f3s umbuzeirenses, pelos 60 anos de emancipa\u00e7\u00e3o de nosso munic\u00edpio. Agrade\u00e7o a confian\u00e7a dada para comandar os destinos de nossa terra, e tenho lutado diariamente por melhores para S\u00e3o Sebasti\u00e3o do Umbuzeiro, por benef\u00edcios para nossa gente e pelo crescimento e desenvolvimento do munic\u00edpio. Parab\u00e9ns S\u00e3o Sebasti\u00e3o do Umbuzeiro!\u201d, disse o prefeito.<\/p>\n","protected":false},"excerpt":{"rendered":"<p>A cidade de S\u00e3o Sebasti\u00e3o do Umbuzeiro comemora neste s\u00e1bado, dia 8 de junho, 60 anos de emancipa\u00e7\u00e3o pol\u00edtica, e o prefeito Adriano Wolff, aproveita&hellip; <\/p>\n","protected":false},"author":1,"featured_media":25950,"comment_status":"closed","ping_status":"closed","sticky":false,"template":"","format":"standard","meta":{"sfsi_plus_gutenberg_text_before_share":"","sfsi_plus_gutenberg_show_text_before_share":"","sfsi_plus_gutenberg_icon_type":"","sfsi_plus_gutenberg_icon_alignemt":"","sfsi_plus_gutenburg_max_per_row":"","footnotes":""},"categories":[6,50],"tags":[],"class_list":["post-98771","post","type-post","status-publish","format-standard","has-post-thumbnail","hentry","category-cidades","category-destaque"],"_links":{"self":[{"href":"https:\/\/www.caririemacao.com\/1\/wp-json\/wp\/v2\/posts\/98771","targetHints":{"allow":["GET"]}}],"collection":[{"href":"https:\/\/www.caririemacao.com\/1\/wp-json\/wp\/v2\/posts"}],"about":[{"href":"https:\/\/www.caririemacao.com\/1\/wp-json\/wp\/v2\/types\/post"}],"author":[{"embeddable":true,"href":"https:\/\/www.caririemacao.com\/1\/wp-json\/wp\/v2\/users\/1"}],"replies":[{"embeddable":true,"href":"https:\/\/www.caririemacao.com\/1\/wp-json\/wp\/v2\/comments?post=98771"}],"version-history":[{"count":1,"href":"https:\/\/www.caririemacao.com\/1\/wp-json\/wp\/v2\/posts\/98771\/revisions"}],"predecessor-version":[{"id":98772,"href":"https:\/\/www.caririemacao.com\/1\/wp-json\/wp\/v2\/posts\/98771\/revisions\/98772"}],"wp:featuredmedia":[{"embeddable":true,"href":"https:\/\/www.caririemacao.com\/1\/wp-json\/wp\/v2\/media\/25950"}],"wp:attachment":[{"href":"https:\/\/www.caririemacao.com\/1\/wp-json\/wp\/v2\/media?parent=98771"}],"wp:term":[{"taxonomy":"category","embeddable":true,"href":"https:\/\/www.caririemacao.com\/1\/wp-json\/wp\/v2\/categories?post=98771"},{"taxonomy":"post_tag","embeddable":true,"href":"https:\/\/www.caririemacao.com\/1\/wp-json\/wp\/v2\/tags?post=98771"}],"curies":[{"name":"wp","href":"https:\/\/api.w.org\/{rel}","templated":true}]}}