{"id":98780,"date":"2019-06-08T08:53:42","date_gmt":"2019-06-08T11:53:42","guid":{"rendered":"http:\/\/www.caririemacao.com\/1\/?p=98780"},"modified":"2019-06-08T08:53:42","modified_gmt":"2019-06-08T11:53:42","slug":"treze-faz-ultimo-treino-em-campina-grande-antes-de-encarar-o-ferroviario","status":"publish","type":"post","link":"https:\/\/www.caririemacao.com\/1\/2019\/06\/08\/treze-faz-ultimo-treino-em-campina-grande-antes-de-encarar-o-ferroviario\/","title":{"rendered":"Treze faz \u00faltimo treino em Campina Grande antes de encarar o Ferrovi\u00e1rio"},"content":{"rendered":"\n<p><br>Mais uma vez longe dos holofotes, apenas com o processo de aquecimento liberado para imagens, o t\u00e9cnico Fl\u00e1vio Ara\u00fajo comandou na tarde desta sexta-feira (07), no Amig\u00e3o, o \u00faltimo treino do Treze em Campina Grande antes da viagem para Fortaleza.<\/p>\n\n\n\n<p>Neste s\u00e1bado (08) o Alvinegro viaja e inicia regime de concentra\u00e7\u00e3o para encarar mais um l\u00edder do Grupo A da S\u00e9rie C do Campeonato Brasileiro. Dessa vez o desafio \u00e9 contra o Ferrovi\u00e1rio, \u00e0s 20h de segunda-feira, na Arena Castel\u00e3o.<\/p>\n\n\n\n<figure class=\"wp-block-image\"><img decoding=\"async\" data-src=\"https:\/\/paraibaonline.com.br\/wp-content\/uploads\/2019\/06\/Treze_Amig%C3%A3o0706.jpg\" alt=\"\" class=\"wp-image-742836 lazyload\" src=\"data:image\/svg+xml;base64,PHN2ZyB3aWR0aD0iMSIgaGVpZ2h0PSIxIiB4bWxucz0iaHR0cDovL3d3dy53My5vcmcvMjAwMC9zdmciPjwvc3ZnPg==\" \/><\/figure>\n\n\n\n<p>Foto: Bruno Rafael \/ R\u00e1dio CBN<\/p>\n\n\n\n<p>Empolgado com a boa vit\u00f3ria do \u00faltimo final de semana ante o Sampaio Corr\u00ea, Fl\u00e1vio tem todos os 29 jogadores do elenco \u00e0 disposi\u00e7\u00e3o para a peleja.<\/p>\n\n\n\n<p>Uma das d\u00favidas do treinador est\u00e1 na defesa, j\u00e1 que o zagueiro Italo se encontra em condi\u00e7\u00e3o de jogo, uma vez que cumpriu suspens\u00e3o autom\u00e1tica no domingo passado. A tend\u00eancia \u00e9 que o atleta retorne \u00e0 titularidade.<\/p>\n\n\n\n<p>A delega\u00e7\u00e3o trezeana embarca para Fortaleza, de \u00f4nibus, \u00e0s 8h30 deste s\u00e1bado. A programa\u00e7\u00e3o prev\u00ea um treino para o domingo \u00e0 tarde no CT do Floresta.<\/p>\n\n\n\n<p>Com seis pontos anotados, o Treze ocupa a oitava coloca\u00e7\u00e3o do Grupo A.<\/p>\n","protected":false},"excerpt":{"rendered":"<p>Mais uma vez longe dos holofotes, apenas com o processo de aquecimento liberado para imagens, o t\u00e9cnico Fl\u00e1vio Ara\u00fajo comandou na tarde desta sexta-feira (07),&hellip; <\/p>\n","protected":false},"author":1,"featured_media":98781,"comment_status":"closed","ping_status":"closed","sticky":false,"template":"","format":"standard","meta":{"sfsi_plus_gutenberg_text_before_share":"","sfsi_plus_gutenberg_show_text_before_share":"","sfsi_plus_gutenberg_icon_type":"","sfsi_plus_gutenberg_icon_alignemt":"","sfsi_plus_gutenburg_max_per_row":"","footnotes":""},"categories":[13],"tags":[],"class_list":["post-98780","post","type-post","status-publish","format-standard","has-post-thumbnail","hentry","category-esportes"],"_links":{"self":[{"href":"https:\/\/www.caririemacao.com\/1\/wp-json\/wp\/v2\/posts\/98780","targetHints":{"allow":["GET"]}}],"collection":[{"href":"https:\/\/www.caririemacao.com\/1\/wp-json\/wp\/v2\/posts"}],"about":[{"href":"https:\/\/www.caririemacao.com\/1\/wp-json\/wp\/v2\/types\/post"}],"author":[{"embeddable":true,"href":"https:\/\/www.caririemacao.com\/1\/wp-json\/wp\/v2\/users\/1"}],"replies":[{"embeddable":true,"href":"https:\/\/www.caririemacao.com\/1\/wp-json\/wp\/v2\/comments?post=98780"}],"version-history":[{"count":1,"href":"https:\/\/www.caririemacao.com\/1\/wp-json\/wp\/v2\/posts\/98780\/revisions"}],"predecessor-version":[{"id":98782,"href":"https:\/\/www.caririemacao.com\/1\/wp-json\/wp\/v2\/posts\/98780\/revisions\/98782"}],"wp:featuredmedia":[{"embeddable":true,"href":"https:\/\/www.caririemacao.com\/1\/wp-json\/wp\/v2\/media\/98781"}],"wp:attachment":[{"href":"https:\/\/www.caririemacao.com\/1\/wp-json\/wp\/v2\/media?parent=98780"}],"wp:term":[{"taxonomy":"category","embeddable":true,"href":"https:\/\/www.caririemacao.com\/1\/wp-json\/wp\/v2\/categories?post=98780"},{"taxonomy":"post_tag","embeddable":true,"href":"https:\/\/www.caririemacao.com\/1\/wp-json\/wp\/v2\/tags?post=98780"}],"curies":[{"name":"wp","href":"https:\/\/api.w.org\/{rel}","templated":true}]}}