{"id":98785,"date":"2019-06-08T08:59:16","date_gmt":"2019-06-08T11:59:16","guid":{"rendered":"http:\/\/www.caririemacao.com\/1\/?p=98785"},"modified":"2019-06-08T08:59:16","modified_gmt":"2019-06-08T11:59:16","slug":"deputado-da-pb-diz-que-bolsonaro-joga-povo-contra-o-congresso-e-garante-nao-seremos-submissos","status":"publish","type":"post","link":"https:\/\/www.caririemacao.com\/1\/2019\/06\/08\/deputado-da-pb-diz-que-bolsonaro-joga-povo-contra-o-congresso-e-garante-nao-seremos-submissos\/","title":{"rendered":"Deputado da PB diz que Bolsonaro joga povo contra o Congresso e garante: \u2018n\u00e3o seremos submissos\u2019"},"content":{"rendered":"\n<p>O l\u00edder do PL na C\u00e2mara, o deputado federal Wellington Roberto, o presidente Jair Bolsonaro age com \u201csegundas inten\u00e7\u00f5es\u201d ao propor um acordo de cavalheiros pelo entendimento nacional. Sem acordo sobre o conte\u00fado da proposta, o\u00a0Pal\u00e1cio do Planalto decidiu adiar a cerim\u00f4nia, que estava prevista para a pr\u00f3xima segunda-feira (10), de um protocolo de inten\u00e7\u00f5es com a assinatura dos chefes dos tr\u00eas Poderes. O principal motivo do impasse se refere ao formato do documento em defesa das reformas, que, na vis\u00e3o do presidente da C\u00e2mara, Rodrigo Maia (DEM-RJ), acabou rotulado como \u201cpauta do governo\u201d.<\/p>\n\n\n\n<p>\u201cO governo quer aparecer como patrocinador da harmonia, mas, na pr\u00e1tica, joga a sociedade contra o Parlamento. N\u00f3s n\u00e3o vamos ser submissos\u201d, protestou Wellington Roberto.<\/p>\n\n\n\n<p>O texto tamb\u00e9m sofre resist\u00eancias de l\u00edderes de partidos. Al\u00e9m disso, a participa\u00e7\u00e3o do presidente do Supremo Tribunal Federal (STF), Dias Toffoli, tem sido alvo de cr\u00edticas porque, na avalia\u00e7\u00e3o de alguns magistrados, fere a independ\u00eancia do Judici\u00e1rio. Diante das diverg\u00eancias, o Planalto resolveu suspender, por tempo indeterminado, a divulga\u00e7\u00e3o do \u201cPacto pelo Brasil\u201d, como foi batizada a iniciativa.A ideia de apresentar um card\u00e1pio de propostas para o Pa\u00eds, avalizado pelo Executivo, Legislativo e Judici\u00e1rio, partiu do pr\u00f3prio Toffoli e come\u00e7ou a tomar forma em reuni\u00e3o promovida pelo presidente Jair Bolsonaro, no \u00faltimo dia 28, quarenta e oito horas depois das manifesta\u00e7\u00f5es de rua que defenderam o governo e alvejaram o Congresso e o Supremo.<\/p>\n\n\n\n<p>At\u00e9 agora foram redigidos pelo menos dois textos, mas ainda n\u00e3o h\u00e1 consenso sobre os temas a serem tratados ali. O primeiro documento, sugerido por Toffoli, mencionava a necessidade de um \u201cterceiro pacto republicano pela realiza\u00e7\u00e3o de microrreformas estruturais\u201d. A segunda mensagem, fruto do encontro entre Bolsonaro, Toffoli, Maia e o presidente do Senado, Davi Alcolumbre (DEM-AP), citava as demandas da popula\u00e7\u00e3o como \u201co grande farol da democracia\u201d, dizia que os Poderes est\u00e3o unidos \u201cem favor do estabelecimento de um novo tempo\u201d e destacava cinco pontos considerados priorit\u00e1rios.<\/p>\n\n\n\n<p>Na lista constam a reforma da Previd\u00eancia \u2013 com um sistema \u201csustent\u00e1vel, eficiente e fraterno\u201d -; a \u201cmoderniza\u00e7\u00e3o\u201d tribut\u00e1ria, a desburocratiza\u00e7\u00e3o das rotinas administrativas, a repactua\u00e7\u00e3o federativa e o combate ao crime \u2013 \u201cnas ruas e nos gabinetes\u201d -, \u00e0 corrup\u00e7\u00e3o e aos privil\u00e9gios.<\/p>\n\n\n\n<p>O trecho do documento que aborda crime de \u201cgabinetes\u201d provocou revolta no Congresso. Nos bastidores, integrantes do Centr\u00e3o entenderam esse cap\u00edtulo como mais uma provoca\u00e7\u00e3o de Bolsonaro \u00e0 chamada \u201cvelha pol\u00edtica\u201d, por causa das investiga\u00e7\u00f5es da Lava Jato.<\/p>\n\n\n\n<p>Na outra ponta, o Planalto passou uma borracha na parte que destacava a import\u00e2ncia de um \u201cterceiro pacto republicano\u201d. Motivo: avaliou que era inconceb\u00edvel apresentar esse acordo como uma continuidade dos outros, de 2004 e 2009, firmados na gest\u00e3o do ex-presidente Luiz In\u00e1cio Lula da Silva (PT), hoje preso.<\/p>\n","protected":false},"excerpt":{"rendered":"<p>O l\u00edder do PL na C\u00e2mara, o deputado federal Wellington Roberto, o presidente Jair Bolsonaro age com \u201csegundas inten\u00e7\u00f5es\u201d ao propor um acordo de cavalheiros&hellip; <\/p>\n","protected":false},"author":1,"featured_media":59677,"comment_status":"closed","ping_status":"closed","sticky":false,"template":"","format":"standard","meta":{"sfsi_plus_gutenberg_text_before_share":"","sfsi_plus_gutenberg_show_text_before_share":"","sfsi_plus_gutenberg_icon_type":"","sfsi_plus_gutenberg_icon_alignemt":"","sfsi_plus_gutenburg_max_per_row":"","footnotes":""},"categories":[11],"tags":[],"class_list":["post-98785","post","type-post","status-publish","format-standard","has-post-thumbnail","hentry","category-politica"],"_links":{"self":[{"href":"https:\/\/www.caririemacao.com\/1\/wp-json\/wp\/v2\/posts\/98785","targetHints":{"allow":["GET"]}}],"collection":[{"href":"https:\/\/www.caririemacao.com\/1\/wp-json\/wp\/v2\/posts"}],"about":[{"href":"https:\/\/www.caririemacao.com\/1\/wp-json\/wp\/v2\/types\/post"}],"author":[{"embeddable":true,"href":"https:\/\/www.caririemacao.com\/1\/wp-json\/wp\/v2\/users\/1"}],"replies":[{"embeddable":true,"href":"https:\/\/www.caririemacao.com\/1\/wp-json\/wp\/v2\/comments?post=98785"}],"version-history":[{"count":1,"href":"https:\/\/www.caririemacao.com\/1\/wp-json\/wp\/v2\/posts\/98785\/revisions"}],"predecessor-version":[{"id":98786,"href":"https:\/\/www.caririemacao.com\/1\/wp-json\/wp\/v2\/posts\/98785\/revisions\/98786"}],"wp:featuredmedia":[{"embeddable":true,"href":"https:\/\/www.caririemacao.com\/1\/wp-json\/wp\/v2\/media\/59677"}],"wp:attachment":[{"href":"https:\/\/www.caririemacao.com\/1\/wp-json\/wp\/v2\/media?parent=98785"}],"wp:term":[{"taxonomy":"category","embeddable":true,"href":"https:\/\/www.caririemacao.com\/1\/wp-json\/wp\/v2\/categories?post=98785"},{"taxonomy":"post_tag","embeddable":true,"href":"https:\/\/www.caririemacao.com\/1\/wp-json\/wp\/v2\/tags?post=98785"}],"curies":[{"name":"wp","href":"https:\/\/api.w.org\/{rel}","templated":true}]}}