{"id":98788,"date":"2019-06-08T09:03:19","date_gmt":"2019-06-08T12:03:19","guid":{"rendered":"http:\/\/www.caririemacao.com\/1\/?p=98788"},"modified":"2019-06-08T09:03:19","modified_gmt":"2019-06-08T12:03:19","slug":"casal-acusado-de-pedofilia-na-pb-e-preso-em-sp-mae-fazia-sexo-oral-em-filho-de-quatro-anos","status":"publish","type":"post","link":"https:\/\/www.caririemacao.com\/1\/2019\/06\/08\/casal-acusado-de-pedofilia-na-pb-e-preso-em-sp-mae-fazia-sexo-oral-em-filho-de-quatro-anos\/","title":{"rendered":"Casal acusado de pedofilia na PB \u00e9 preso em SP; m\u00e3e fazia sexo oral em filho de quatro anos"},"content":{"rendered":"\n<p>Ap\u00f3s investiga\u00e7\u00f5es da Pol\u00edcia Civil da Para\u00edba, um casal acusado de envolvimento com abuso sexual de crian\u00e7as foi preso no Estado de S\u00e3o Paulo.<\/p>\n\n\n\n<p>Os crimes ocorreram na cidade de Areia, no interior da Para\u00edba, e foram descobertos durante uma investiga\u00e7\u00e3o da Pol\u00edcia Civil da Para\u00edba.<\/p>\n\n\n\n<p>Leanio Santos de Almeida e Samira Teresa da Silva foram presos por policiais civis de S\u00e3o Paulo. Com eles, foram encontrados computadores e celulares com material pornogr\u00e1fico .<\/p>\n\n\n\n<p>De acordo com informa\u00e7\u00f5es repassadas pelo delegado Danilo Orengo, as pris\u00f5es fazem parte de investiga\u00e7\u00e3o realizada pela Delegacia Municipal de Areia.<\/p>\n\n\n\n<p>Ele explica que em julho do ano passado, a pol\u00edcia recebeu den\u00fancia sobre um crime de estupro vulner\u00e1vel praticado conta uma crian\u00e7a de apenas quatro anos de idade pela pr\u00f3pria m\u00e3e.<\/p>\n\n\n\n<p>\u201cAs investiga\u00e7\u00f5es tiveram in\u00edcio ap\u00f3s uma testemunha procurar a delegacia e apresentar um v\u00eddeo recebido pelo WhatsApp no qual a m\u00e3e praticava sexo oral no pr\u00f3prio filho\u201d, revelou o delegado.<\/p>\n\n\n\n<p>Ap\u00f3s investiga\u00e7\u00f5es, a pol\u00edcia identificou e prendeu a mulher que aparece do v\u00eddeo. Na delegacia, ela afirmou que havia se envolvido com Le\u00e2nio e ele exigia que ela praticasse os abusos com a crian\u00e7a como \u201d prova de amor\u201d . Os v\u00eddeos eram encaminhados tamb\u00e9m a Samira, mulher de Le\u00e2nio.<\/p>\n\n\n\n<p>Ap\u00f3s prender a m\u00e3e da crian\u00e7a, a Pol\u00edcia Civil da Para\u00edba pediu \u00e0 Justi\u00e7a a pris\u00e3o preventiva do casal que morava em S\u00e3o Paulo.<\/p>\n\n\n\n<p>A justi\u00e7a da Para\u00edba decretou a pris\u00e3o e os dois foram presos numa a\u00e7\u00e3o de combate \u00e0 pedofilia.<\/p>\n\n\n\n<p>O casal tamb\u00e9m \u00e9 acusado por um outro estupro de vulner\u00e1vel envolvendo um menor de 14 anos. As pris\u00f5es ocorreram nessa quinta-feira (6).<\/p>\n","protected":false},"excerpt":{"rendered":"<p>Ap\u00f3s investiga\u00e7\u00f5es da Pol\u00edcia Civil da Para\u00edba, um casal acusado de envolvimento com abuso sexual de crian\u00e7as foi preso no Estado de S\u00e3o Paulo. Os&hellip; <\/p>\n","protected":false},"author":1,"featured_media":31056,"comment_status":"closed","ping_status":"closed","sticky":false,"template":"","format":"standard","meta":{"sfsi_plus_gutenberg_text_before_share":"","sfsi_plus_gutenberg_show_text_before_share":"","sfsi_plus_gutenberg_icon_type":"","sfsi_plus_gutenberg_icon_alignemt":"","sfsi_plus_gutenburg_max_per_row":"","footnotes":""},"categories":[12],"tags":[],"class_list":["post-98788","post","type-post","status-publish","format-standard","has-post-thumbnail","hentry","category-policia"],"_links":{"self":[{"href":"https:\/\/www.caririemacao.com\/1\/wp-json\/wp\/v2\/posts\/98788","targetHints":{"allow":["GET"]}}],"collection":[{"href":"https:\/\/www.caririemacao.com\/1\/wp-json\/wp\/v2\/posts"}],"about":[{"href":"https:\/\/www.caririemacao.com\/1\/wp-json\/wp\/v2\/types\/post"}],"author":[{"embeddable":true,"href":"https:\/\/www.caririemacao.com\/1\/wp-json\/wp\/v2\/users\/1"}],"replies":[{"embeddable":true,"href":"https:\/\/www.caririemacao.com\/1\/wp-json\/wp\/v2\/comments?post=98788"}],"version-history":[{"count":1,"href":"https:\/\/www.caririemacao.com\/1\/wp-json\/wp\/v2\/posts\/98788\/revisions"}],"predecessor-version":[{"id":98789,"href":"https:\/\/www.caririemacao.com\/1\/wp-json\/wp\/v2\/posts\/98788\/revisions\/98789"}],"wp:featuredmedia":[{"embeddable":true,"href":"https:\/\/www.caririemacao.com\/1\/wp-json\/wp\/v2\/media\/31056"}],"wp:attachment":[{"href":"https:\/\/www.caririemacao.com\/1\/wp-json\/wp\/v2\/media?parent=98788"}],"wp:term":[{"taxonomy":"category","embeddable":true,"href":"https:\/\/www.caririemacao.com\/1\/wp-json\/wp\/v2\/categories?post=98788"},{"taxonomy":"post_tag","embeddable":true,"href":"https:\/\/www.caririemacao.com\/1\/wp-json\/wp\/v2\/tags?post=98788"}],"curies":[{"name":"wp","href":"https:\/\/api.w.org\/{rel}","templated":true}]}}