{"id":98793,"date":"2019-06-08T09:08:05","date_gmt":"2019-06-08T12:08:05","guid":{"rendered":"http:\/\/www.caririemacao.com\/1\/?p=98793"},"modified":"2019-06-08T09:08:05","modified_gmt":"2019-06-08T12:08:05","slug":"justica-manda-mec-suspender-cortes-em-universidades-federais","status":"publish","type":"post","link":"https:\/\/www.caririemacao.com\/1\/2019\/06\/08\/justica-manda-mec-suspender-cortes-em-universidades-federais\/","title":{"rendered":"Justi\u00e7a manda MEC suspender cortes em universidades federais"},"content":{"rendered":"\n<p>A Justi\u00e7a Federal determinou que o Minist\u00e9rio da Educa\u00e7\u00e3o (MEC) suspenda os cortes em universidades federais. A decis\u00e3o \u00e9 da ju\u00edza Renata Almeida&nbsp; de Moura Isaac, da 7\u00aa Vara Federal, na Bahia. A decis\u00e3o foi tomada em uma a\u00e7\u00e3o apresentada pelo Diret\u00f3rio Central dos Estudantes (DCE) da UnB . As informa\u00e7\u00f5es s\u00e3o de O Globo.<\/p>\n\n\n\n<p>Caso a decis\u00e3o n\u00e3o seja cumprida no prazo de 24h, haver\u00e1 uma multa di\u00e1ria de R$ 100 mil. A ju\u00edza cita &#8220;diversas a\u00e7\u00f5es populares e a\u00e7\u00f5es civis p\u00fablicas&#8221; com a mesma solicita\u00e7\u00e3o. Ainda segundo a magistrada, &#8220;n\u00e3o se est\u00e1 a defender a irresponsabilidade da gest\u00e3o or\u00e7ament\u00e1ria, uma vez que \u00e9 dever do administrador p\u00fablico dar cumprimento \u00e0s metas fiscais estabelecidas em lei&#8221;.<\/p>\n\n\n\n<p>Em sua decis\u00e3o, a ju\u00edza argumentou que est\u00e1 &#8220;apenas assegurando que os limites de empenho, especialmente em \u00e1reas sens\u00edveis e fundamentais segundo a pr\u00f3pria Constitui\u00e7\u00e3o Federal, tenham por base crit\u00e9rios amparados em estudos que garantam a efetividade das normas constitucionais&#8221;.<\/p>\n\n\n\n<p>A magistrada ressaltou que, geralmente, n\u00e3o cabe ao Judici\u00e1rio interferir em bloqueios determinados pelo Executivo, a n\u00e3o ser quando \u00e9 &#8220;verificada ilegalidade ou exig\u00eancia que se afaste das normas constitucionais&#8221;.&nbsp;&nbsp;<\/p>\n\n\n\n<p>Ela tamb\u00e9m criticou os ataques do ministro da Educa\u00e7\u00e3o, Abraham Weintraub, \u00e0s universidades federais, acusando-as de balb\u00fardia.<\/p>\n\n\n\n<p>&#8220;N\u00e3o h\u00e1 necessidade de maiores digress\u00f5es para concluir que as justificativas apresentadas n\u00e3o se afiguram leg\u00edtimas para fins de bloqueio das verbas originariamente destinadas \u00e0 UNB, UFF e UFBA, tr\u00eas das maiores e melhores Universidades do pa\u00eds, notoriamente bem conceituadas, n\u00e3o apenas no ensino de gradua\u00e7\u00e3o, mas tamb\u00e9m na extens\u00e3o e na produ\u00e7\u00e3o de pesquisas cient\u00edficas. As institui\u00e7\u00f5es de ensino em quest\u00e3o sempre foram reconhecidas pelo trabalho de excel\u00eancia acad\u00eamico e cient\u00edfico ali produzido, jamais pela promo\u00e7\u00e3o de \u201cbagun\u00e7a\u201d em suas depend\u00eancias&#8221;, seguiu a ju\u00edza.<\/p>\n\n\n\n<p>Intimada a se manifestar na a\u00e7\u00e3o, a Uni\u00e3o alegou que foi realizado um contingenciamento em todo o MEC e que n\u00e3o haveria como&nbsp;n\u00e3o atingir as universidades. O governo afirmou que o bloqueio foi &#8220;operacional, t\u00e9cnico e ison\u00f4mico&#8221; em rela\u00e7\u00e3o a todas as institui\u00e7\u00f5es, e que os recursos podem ser desbloqueados caso a arrecada\u00e7\u00e3o melhore.<\/p>\n","protected":false},"excerpt":{"rendered":"<p>A Justi\u00e7a Federal determinou que o Minist\u00e9rio da Educa\u00e7\u00e3o (MEC) suspenda os cortes em universidades federais. A decis\u00e3o \u00e9 da ju\u00edza Renata Almeida&nbsp; de Moura&hellip; <\/p>\n","protected":false},"author":1,"featured_media":16058,"comment_status":"closed","ping_status":"closed","sticky":false,"template":"","format":"standard","meta":{"sfsi_plus_gutenberg_text_before_share":"","sfsi_plus_gutenberg_show_text_before_share":"","sfsi_plus_gutenberg_icon_type":"","sfsi_plus_gutenberg_icon_alignemt":"","sfsi_plus_gutenburg_max_per_row":"","footnotes":""},"categories":[14],"tags":[],"class_list":["post-98793","post","type-post","status-publish","format-standard","has-post-thumbnail","hentry","category-educacao"],"_links":{"self":[{"href":"https:\/\/www.caririemacao.com\/1\/wp-json\/wp\/v2\/posts\/98793","targetHints":{"allow":["GET"]}}],"collection":[{"href":"https:\/\/www.caririemacao.com\/1\/wp-json\/wp\/v2\/posts"}],"about":[{"href":"https:\/\/www.caririemacao.com\/1\/wp-json\/wp\/v2\/types\/post"}],"author":[{"embeddable":true,"href":"https:\/\/www.caririemacao.com\/1\/wp-json\/wp\/v2\/users\/1"}],"replies":[{"embeddable":true,"href":"https:\/\/www.caririemacao.com\/1\/wp-json\/wp\/v2\/comments?post=98793"}],"version-history":[{"count":1,"href":"https:\/\/www.caririemacao.com\/1\/wp-json\/wp\/v2\/posts\/98793\/revisions"}],"predecessor-version":[{"id":98794,"href":"https:\/\/www.caririemacao.com\/1\/wp-json\/wp\/v2\/posts\/98793\/revisions\/98794"}],"wp:featuredmedia":[{"embeddable":true,"href":"https:\/\/www.caririemacao.com\/1\/wp-json\/wp\/v2\/media\/16058"}],"wp:attachment":[{"href":"https:\/\/www.caririemacao.com\/1\/wp-json\/wp\/v2\/media?parent=98793"}],"wp:term":[{"taxonomy":"category","embeddable":true,"href":"https:\/\/www.caririemacao.com\/1\/wp-json\/wp\/v2\/categories?post=98793"},{"taxonomy":"post_tag","embeddable":true,"href":"https:\/\/www.caririemacao.com\/1\/wp-json\/wp\/v2\/tags?post=98793"}],"curies":[{"name":"wp","href":"https:\/\/api.w.org\/{rel}","templated":true}]}}