{"id":98809,"date":"2019-06-08T09:23:22","date_gmt":"2019-06-08T12:23:22","guid":{"rendered":"http:\/\/www.caririemacao.com\/1\/?p=98809"},"modified":"2019-06-08T09:23:22","modified_gmt":"2019-06-08T12:23:22","slug":"famup-lanca-campanha-incentivando-implantacao-da-coleta-seletiva-monteiro-ja-cumpre","status":"publish","type":"post","link":"https:\/\/www.caririemacao.com\/1\/2019\/06\/08\/famup-lanca-campanha-incentivando-implantacao-da-coleta-seletiva-monteiro-ja-cumpre\/","title":{"rendered":"Famup lan\u00e7a campanha incentivando implanta\u00e7\u00e3o da coleta seletiva, Monteiro j\u00e1 cumpre"},"content":{"rendered":"\n<p>Na Semana do Meio Ambiente a Federa\u00e7\u00e3o das Associa\u00e7\u00f5es dos Munic\u00edpios da Para\u00edba (Famup) lan\u00e7ou uma campanha de estimulo \u00e0 implanta\u00e7\u00e3o da coleta seletiva nos munic\u00edpios paraibanos de forma simplificada. A entidade vem desenvolvendo um trabalho junto aos gestores, \u00f3rg\u00e3os ambientais e Minist\u00e9rio P\u00fablico pelo fim dos lix\u00f5es nas diversas cidades da Para\u00edba.<\/p>\n\n\n\n<p>O objetivo desta campanha \u00e9 fazer com que os munic\u00edpios possam separar o material reciclado dos compostos org\u00e2nicos, visando a gera\u00e7\u00e3o de emprego, renda e promo\u00e7\u00e3o da cidadania, al\u00e9m da preserva\u00e7\u00e3o do meio ambiente. \u201cPrecisamos estar atentos \u00e0 preserva\u00e7\u00e3o do meio ambiente e essas a\u00e7\u00f5es come\u00e7am a partir da coleta seletiva, um ato simples, que toda pessoa pode fazer em sua casa e beneficia n\u00e3o apenas o meio ambiente, mas que \u00e9 capaz de gerar oportunidades de emprego nos munic\u00edpios paraibanos, a partir do trabalho de reciclagem\u201d, destacou o presidente da Famup, George Coelho.<\/p>\n\n\n\n<p>A Famup orienta que os munic\u00edpios fa\u00e7am a separa\u00e7\u00e3o do que pode ser recicl\u00e1vel e do que n\u00e3o pode e explica que compostos org\u00e2nicos podem virar adubo. Destaca que mudan\u00e7as de h\u00e1bitos podem fazer com que quilos e quilos de lixo n\u00e3o acabem em lix\u00f5es e aterros e ainda tenham o poder de mudar realidades, pois a reciclagem \u00e9 fonte de emprego e renda.<\/p>\n\n\n\n<p>Em Monteiro:<\/p>\n\n\n\n<div class=\"wp-block-image\"><figure class=\"alignleft\"><img decoding=\"async\" data-src=\"https:\/\/i0.wp.com\/www.vitrinedocariri.com.br\/wp-content\/uploads\/2019\/02\/MONTEIRO-CIDADE-LIMPA01.jpeg?zoom=2&amp;resize=330%2C220&amp;ssl=1\" alt=\"\" class=\"wp-image-35683 lazyload\" src=\"data:image\/svg+xml;base64,PHN2ZyB3aWR0aD0iMSIgaGVpZ2h0PSIxIiB4bWxucz0iaHR0cDovL3d3dy53My5vcmcvMjAwMC9zdmciPjwvc3ZnPg==\" \/><\/figure><\/div>\n\n\n\n<p>Mais uma vez na vanguarda, desde o m\u00eas de fevereiro equipes das Secretarias que comp\u00f5em a administra\u00e7\u00e3o municipal realizaram uma a\u00e7\u00e3o de conscientiza\u00e7\u00e3o em prol da campanha Monteiro Cidade Limpa. O foco do Programa \u00e9 ampliar o conhecimento da popula\u00e7\u00e3o sobre a separa\u00e7\u00e3o correta dos materiais recicl\u00e1veis e o quanto esta atitude pode contribuir com o meio ambiente e, tamb\u00e9m, com a gera\u00e7\u00e3o de trabalho e renda para aqueles que vivem da reciclagem de res\u00edduos.<\/p>\n\n\n\n<p>A campanha continua e tamb\u00e9m orienta no sentido de que \u00e9 poss\u00edvel reaproveitar boa parte do lixo por meio da reciclagem, principalmente de papel, papel\u00e3o, garrafas, latas, pl\u00e1sticos, copos e metal. Outros res\u00edduos, como o lixo de cozinha, composto por cascas, sementes e restos de comida podem ser destinados \u00e0 compostagem, enquanto o lixo de banheiro, devem ser destinados ao lix\u00e3o.<\/p>\n\n\n\n<p>A programa\u00e7\u00e3o da coleta deste lixo recicl\u00e1vel est\u00e1 baseada no recolhimento nas sextas-feiras pela manh\u00e3, a fim de que os cidad\u00e3os se programem para colocar o lixo para fora das resid\u00eancias no in\u00edcio da manh\u00e3 . \u201cColocamos o caminh\u00e3o coletando os recicl\u00e1veis pela manh\u00e3 e a tarde a coleta dos demais descartes residenciais. O programa Monteiro Cidade Limpa requer a colabora\u00e7\u00e3o de todos os mun\u00edcipes para que d\u00ea certo\u201d, pontua o secret\u00e1rio.<\/p>\n","protected":false},"excerpt":{"rendered":"<p>Na Semana do Meio Ambiente a Federa\u00e7\u00e3o das Associa\u00e7\u00f5es dos Munic\u00edpios da Para\u00edba (Famup) lan\u00e7ou uma campanha de estimulo \u00e0 implanta\u00e7\u00e3o da coleta seletiva nos&hellip; <\/p>\n","protected":false},"author":1,"featured_media":98810,"comment_status":"closed","ping_status":"closed","sticky":false,"template":"","format":"standard","meta":{"sfsi_plus_gutenberg_text_before_share":"","sfsi_plus_gutenberg_show_text_before_share":"","sfsi_plus_gutenberg_icon_type":"","sfsi_plus_gutenberg_icon_alignemt":"","sfsi_plus_gutenburg_max_per_row":"","footnotes":""},"categories":[2],"tags":[],"class_list":["post-98809","post","type-post","status-publish","format-standard","has-post-thumbnail","hentry","category-geral"],"_links":{"self":[{"href":"https:\/\/www.caririemacao.com\/1\/wp-json\/wp\/v2\/posts\/98809","targetHints":{"allow":["GET"]}}],"collection":[{"href":"https:\/\/www.caririemacao.com\/1\/wp-json\/wp\/v2\/posts"}],"about":[{"href":"https:\/\/www.caririemacao.com\/1\/wp-json\/wp\/v2\/types\/post"}],"author":[{"embeddable":true,"href":"https:\/\/www.caririemacao.com\/1\/wp-json\/wp\/v2\/users\/1"}],"replies":[{"embeddable":true,"href":"https:\/\/www.caririemacao.com\/1\/wp-json\/wp\/v2\/comments?post=98809"}],"version-history":[{"count":1,"href":"https:\/\/www.caririemacao.com\/1\/wp-json\/wp\/v2\/posts\/98809\/revisions"}],"predecessor-version":[{"id":98811,"href":"https:\/\/www.caririemacao.com\/1\/wp-json\/wp\/v2\/posts\/98809\/revisions\/98811"}],"wp:featuredmedia":[{"embeddable":true,"href":"https:\/\/www.caririemacao.com\/1\/wp-json\/wp\/v2\/media\/98810"}],"wp:attachment":[{"href":"https:\/\/www.caririemacao.com\/1\/wp-json\/wp\/v2\/media?parent=98809"}],"wp:term":[{"taxonomy":"category","embeddable":true,"href":"https:\/\/www.caririemacao.com\/1\/wp-json\/wp\/v2\/categories?post=98809"},{"taxonomy":"post_tag","embeddable":true,"href":"https:\/\/www.caririemacao.com\/1\/wp-json\/wp\/v2\/tags?post=98809"}],"curies":[{"name":"wp","href":"https:\/\/api.w.org\/{rel}","templated":true}]}}