{"id":98814,"date":"2019-06-08T10:34:46","date_gmt":"2019-06-08T13:34:46","guid":{"rendered":"http:\/\/www.caririemacao.com\/1\/?p=98814"},"modified":"2019-06-08T10:34:46","modified_gmt":"2019-06-08T13:34:46","slug":"moto-furtada-dentro-de-mercadinho-e-recuperada-pela-policia-militar-em-monteiro","status":"publish","type":"post","link":"https:\/\/www.caririemacao.com\/1\/2019\/06\/08\/moto-furtada-dentro-de-mercadinho-e-recuperada-pela-policia-militar-em-monteiro\/","title":{"rendered":"Moto furtada dentro de Mercadinho \u00e9 recuperada pela pol\u00edcia militar em Monteiro"},"content":{"rendered":"\n<p>A pol\u00edcia militar recuperou uma motocicleta que foi furtada na madrugada desta sexta-feira (07), dentro de um Mercadinho localizado no bairro bela vista em Monteiro no cariri Paraibano.<br>De acordo com informa\u00e7\u00f5es os bandidos entraram no estabelecimento furtaram v\u00e1rios objetos miudezas, v\u00e1rios perfumes, roupas, e uma pequena quantia em dinheiro, na fulga os meliantes deixaram uma bicicleta e fugiram na moto do mercadinho.<\/p>\n\n\n\n<p><strong>HORA1PB<\/strong><\/p>\n","protected":false},"excerpt":{"rendered":"<p>A pol\u00edcia militar recuperou uma motocicleta que foi furtada na madrugada desta sexta-feira (07), dentro de um Mercadinho localizado no bairro bela vista em Monteiro&hellip; <\/p>\n","protected":false},"author":1,"featured_media":41593,"comment_status":"closed","ping_status":"closed","sticky":false,"template":"","format":"standard","meta":{"sfsi_plus_gutenberg_text_before_share":"","sfsi_plus_gutenberg_show_text_before_share":"","sfsi_plus_gutenberg_icon_type":"","sfsi_plus_gutenberg_icon_alignemt":"","sfsi_plus_gutenburg_max_per_row":"","footnotes":""},"categories":[50,12],"tags":[],"class_list":["post-98814","post","type-post","status-publish","format-standard","has-post-thumbnail","hentry","category-destaque","category-policia"],"_links":{"self":[{"href":"https:\/\/www.caririemacao.com\/1\/wp-json\/wp\/v2\/posts\/98814","targetHints":{"allow":["GET"]}}],"collection":[{"href":"https:\/\/www.caririemacao.com\/1\/wp-json\/wp\/v2\/posts"}],"about":[{"href":"https:\/\/www.caririemacao.com\/1\/wp-json\/wp\/v2\/types\/post"}],"author":[{"embeddable":true,"href":"https:\/\/www.caririemacao.com\/1\/wp-json\/wp\/v2\/users\/1"}],"replies":[{"embeddable":true,"href":"https:\/\/www.caririemacao.com\/1\/wp-json\/wp\/v2\/comments?post=98814"}],"version-history":[{"count":1,"href":"https:\/\/www.caririemacao.com\/1\/wp-json\/wp\/v2\/posts\/98814\/revisions"}],"predecessor-version":[{"id":98815,"href":"https:\/\/www.caririemacao.com\/1\/wp-json\/wp\/v2\/posts\/98814\/revisions\/98815"}],"wp:featuredmedia":[{"embeddable":true,"href":"https:\/\/www.caririemacao.com\/1\/wp-json\/wp\/v2\/media\/41593"}],"wp:attachment":[{"href":"https:\/\/www.caririemacao.com\/1\/wp-json\/wp\/v2\/media?parent=98814"}],"wp:term":[{"taxonomy":"category","embeddable":true,"href":"https:\/\/www.caririemacao.com\/1\/wp-json\/wp\/v2\/categories?post=98814"},{"taxonomy":"post_tag","embeddable":true,"href":"https:\/\/www.caririemacao.com\/1\/wp-json\/wp\/v2\/tags?post=98814"}],"curies":[{"name":"wp","href":"https:\/\/api.w.org\/{rel}","templated":true}]}}