{"id":98818,"date":"2019-06-08T10:36:16","date_gmt":"2019-06-08T13:36:16","guid":{"rendered":"http:\/\/www.caririemacao.com\/1\/?p=98818"},"modified":"2019-06-08T10:36:16","modified_gmt":"2019-06-08T13:36:16","slug":"motocicleta-e-tomada-por-assalto-por-dupla-armada-na-cidade-de-serra-branca","status":"publish","type":"post","link":"https:\/\/www.caririemacao.com\/1\/2019\/06\/08\/motocicleta-e-tomada-por-assalto-por-dupla-armada-na-cidade-de-serra-branca\/","title":{"rendered":"Motocicleta \u00e9 tomada por assalto por dupla armada na cidade de Serra Branca"},"content":{"rendered":"\n<p>Uma motocicleta foi tomada por assalto na noite desta sexta-feira(07) no Bairro dos Pereiros, na cidade de Serra Branca, cariri paraibano.<\/p>\n\n\n\n<p>O serra-branquense Francinaldo teve sua motocicleta, uma Broz de cor preta com placa 5236 Serra Branca, roubada por dois criminosos armados que repentinamente chegaram em outra motocicleta, uma pop de cor branca.<\/p>\n\n\n\n<p>Os criminosos abordaram Francinaldo na rua de esquina do Bairros dos Pereiros que d\u00e1 acesso as Malvinas e realizaram a a\u00e7\u00e3o criminosa. Antes de sa\u00edrem em fuga, os criminosos disseram ao serra-branquense que n\u00e3o denunciasse o caso a pol\u00edcia, pois iria logo em breve abandonar o ve\u00edculo posteriormente, e que usaria a sua moto para um assalto.<\/p>\n\n\n\n<p>Francinaldo acabou registrando o roubo na delegacia de pol\u00edcia de Serra Branca e at\u00e9 o momento os policiais n\u00e3o encontraram pistas dos criminosos e nem da motocicleta roubada.<\/p>\n\n\n\n<p><strong>De Olho no Cariri<\/strong><\/p>\n","protected":false},"excerpt":{"rendered":"<p>Uma motocicleta foi tomada por assalto na noite desta sexta-feira(07) no Bairro dos Pereiros, na cidade de Serra Branca, cariri paraibano. O serra-branquense Francinaldo teve&hellip; <\/p>\n","protected":false},"author":1,"featured_media":98819,"comment_status":"closed","ping_status":"closed","sticky":false,"template":"","format":"standard","meta":{"sfsi_plus_gutenberg_text_before_share":"","sfsi_plus_gutenberg_show_text_before_share":"","sfsi_plus_gutenberg_icon_type":"","sfsi_plus_gutenberg_icon_alignemt":"","sfsi_plus_gutenburg_max_per_row":"","footnotes":""},"categories":[12],"tags":[],"class_list":["post-98818","post","type-post","status-publish","format-standard","has-post-thumbnail","hentry","category-policia"],"_links":{"self":[{"href":"https:\/\/www.caririemacao.com\/1\/wp-json\/wp\/v2\/posts\/98818","targetHints":{"allow":["GET"]}}],"collection":[{"href":"https:\/\/www.caririemacao.com\/1\/wp-json\/wp\/v2\/posts"}],"about":[{"href":"https:\/\/www.caririemacao.com\/1\/wp-json\/wp\/v2\/types\/post"}],"author":[{"embeddable":true,"href":"https:\/\/www.caririemacao.com\/1\/wp-json\/wp\/v2\/users\/1"}],"replies":[{"embeddable":true,"href":"https:\/\/www.caririemacao.com\/1\/wp-json\/wp\/v2\/comments?post=98818"}],"version-history":[{"count":1,"href":"https:\/\/www.caririemacao.com\/1\/wp-json\/wp\/v2\/posts\/98818\/revisions"}],"predecessor-version":[{"id":98820,"href":"https:\/\/www.caririemacao.com\/1\/wp-json\/wp\/v2\/posts\/98818\/revisions\/98820"}],"wp:featuredmedia":[{"embeddable":true,"href":"https:\/\/www.caririemacao.com\/1\/wp-json\/wp\/v2\/media\/98819"}],"wp:attachment":[{"href":"https:\/\/www.caririemacao.com\/1\/wp-json\/wp\/v2\/media?parent=98818"}],"wp:term":[{"taxonomy":"category","embeddable":true,"href":"https:\/\/www.caririemacao.com\/1\/wp-json\/wp\/v2\/categories?post=98818"},{"taxonomy":"post_tag","embeddable":true,"href":"https:\/\/www.caririemacao.com\/1\/wp-json\/wp\/v2\/tags?post=98818"}],"curies":[{"name":"wp","href":"https:\/\/api.w.org\/{rel}","templated":true}]}}