{"id":98829,"date":"2019-06-08T10:55:10","date_gmt":"2019-06-08T13:55:10","guid":{"rendered":"http:\/\/www.caririemacao.com\/1\/?p=98829"},"modified":"2019-06-08T10:55:10","modified_gmt":"2019-06-08T13:55:10","slug":"bolsonaro-vai-lancar-enquete-no-facebook-sobre-radares-moveis-neste-sabado","status":"publish","type":"post","link":"https:\/\/www.caririemacao.com\/1\/2019\/06\/08\/bolsonaro-vai-lancar-enquete-no-facebook-sobre-radares-moveis-neste-sabado\/","title":{"rendered":"Bolsonaro vai lan\u00e7ar enquete no Facebook sobre radares m\u00f3veis neste s\u00e1bado"},"content":{"rendered":"\n<p>O&nbsp; presidente Jair Bolsonaro vai lan\u00e7ar neste s\u00e1bado (8) uma enquete em sua p\u00e1gina no Facebook para saber se os seguidores concordam com sua ideia de acabar com os radares m\u00f3veis da Pol\u00edcia Rodovi\u00e1ria Federal (PRF). A informa\u00e7\u00e3o \u00e9 da Secretaria de Comunica\u00e7\u00e3o Social (Secom) da Presid\u00eancia. Ele prometeu fazer a pesquisa on line em transmiss\u00e3o ao vivo pela rede social na noite de quinta e havia antecipado a proposta h\u00e1 algumas semanas.<\/p>\n\n\n\n<p>Em conversa com jornalistas e apoiadores no Paran\u00e1, Bolsonaro disse que pediu ao ministro Sergio Moro, da Justi\u00e7a e Seguran\u00e7a P\u00fablica, para que qualquer radar ou &#8220;pardal&#8221; n\u00e3o seja revalidado ao t\u00e9rmino dos contratos. A PRF \u00e9 subordinada \u00e0 pasta de Moro. Na ocasi\u00e3o, Bolsonaro ainda classificou os radares m\u00f3veis como \u201cuma armadilha para pegar os motoristas\u201d.&nbsp;<br><\/p>\n\n\n\n<p>&#8220;Vamos lan\u00e7ar uma pesquisa para voc\u00eas opinarem se devemos ou n\u00e3o acabar com os radares m\u00f3veis. Sabe o que \u00e9 radar m\u00f3vel ? \u00c9 aquela multa que voc\u00ea n\u00e3o estava esperando e chega. A rodovia era 80km\/h voc\u00ea passou a 96km\/h, l\u00e1 naquele ponto que n\u00e3o tinha problema nenhum, que voc\u00ea podia colocar 120Km\/h e s\u00f3 porque passou 10 ou 20%, &#8220;cr\u00e9u&#8221;, chega uma multa\u201d, disse o presidente na live desta semana.&nbsp;<\/p>\n\n\n\n<p>Segundo o Globo apurou, um auxiliar pr\u00f3ximo a Bolsonaro avalia que, apesar de mobilizar as pessoas nas redes sociais, a enquete pelo Facebook n\u00e3o pode ser usada como um instrumento legal de sondagem da popula\u00e7\u00e3o , servindo mais a t\u00edtulo de ret\u00f3rica.&nbsp;<\/p>\n\n\n\n<p>At\u00e9 a noite desta sexta (7), quando a Secom enviou a nota confirmando que o presidente &#8220;manifestou a inten\u00e7\u00e3o de fazer uma enquete sobre o assunto mencionado neste s\u00e1bado&#8221;, auxiliares ligados a ele relataram \u00e0 reportagem que n\u00e3o tinham ouvido falar na ideia e que n\u00e3o havia planejamento em curso para execut\u00e1-la. A justificativa \u00e9 que o presidente fala de ideias e sugest\u00f5es e depois sua equipe avalia a viabilidade de implanta\u00e7\u00e3o ou n\u00e3o.<\/p>\n\n\n\n<p>O presidente Bolsonaro aproveitou a transmiss\u00e3o para defender pontos do projeto sobre regras de tr\u00e2nsito apresentado na ter\u00e7a-feira, como o fim das multas para os motoristas que desrespeitarem regras de transporte de crian\u00e7as em ve\u00edculos e a mudan\u00e7a no tempo de renova\u00e7\u00e3o da Carteira Nacional de Habilita\u00e7\u00e3o ( CNH ), de cinco para dez anos. Bolsonaro ainda pediu para que as pessoas cobrem seus deputados, &#8220;seja ele de direita ou de esquerda&#8221;.<\/p>\n","protected":false},"excerpt":{"rendered":"<p>O&nbsp; presidente Jair Bolsonaro vai lan\u00e7ar neste s\u00e1bado (8) uma enquete em sua p\u00e1gina no Facebook para saber se os seguidores concordam com sua ideia&hellip; <\/p>\n","protected":false},"author":1,"featured_media":97844,"comment_status":"closed","ping_status":"closed","sticky":false,"template":"","format":"standard","meta":{"sfsi_plus_gutenberg_text_before_share":"","sfsi_plus_gutenberg_show_text_before_share":"","sfsi_plus_gutenberg_icon_type":"","sfsi_plus_gutenberg_icon_alignemt":"","sfsi_plus_gutenburg_max_per_row":"","footnotes":""},"categories":[11],"tags":[],"class_list":["post-98829","post","type-post","status-publish","format-standard","has-post-thumbnail","hentry","category-politica"],"_links":{"self":[{"href":"https:\/\/www.caririemacao.com\/1\/wp-json\/wp\/v2\/posts\/98829","targetHints":{"allow":["GET"]}}],"collection":[{"href":"https:\/\/www.caririemacao.com\/1\/wp-json\/wp\/v2\/posts"}],"about":[{"href":"https:\/\/www.caririemacao.com\/1\/wp-json\/wp\/v2\/types\/post"}],"author":[{"embeddable":true,"href":"https:\/\/www.caririemacao.com\/1\/wp-json\/wp\/v2\/users\/1"}],"replies":[{"embeddable":true,"href":"https:\/\/www.caririemacao.com\/1\/wp-json\/wp\/v2\/comments?post=98829"}],"version-history":[{"count":1,"href":"https:\/\/www.caririemacao.com\/1\/wp-json\/wp\/v2\/posts\/98829\/revisions"}],"predecessor-version":[{"id":98830,"href":"https:\/\/www.caririemacao.com\/1\/wp-json\/wp\/v2\/posts\/98829\/revisions\/98830"}],"wp:featuredmedia":[{"embeddable":true,"href":"https:\/\/www.caririemacao.com\/1\/wp-json\/wp\/v2\/media\/97844"}],"wp:attachment":[{"href":"https:\/\/www.caririemacao.com\/1\/wp-json\/wp\/v2\/media?parent=98829"}],"wp:term":[{"taxonomy":"category","embeddable":true,"href":"https:\/\/www.caririemacao.com\/1\/wp-json\/wp\/v2\/categories?post=98829"},{"taxonomy":"post_tag","embeddable":true,"href":"https:\/\/www.caririemacao.com\/1\/wp-json\/wp\/v2\/tags?post=98829"}],"curies":[{"name":"wp","href":"https:\/\/api.w.org\/{rel}","templated":true}]}}