{"id":98835,"date":"2019-06-08T10:57:39","date_gmt":"2019-06-08T13:57:39","guid":{"rendered":"http:\/\/www.caririemacao.com\/1\/?p=98835"},"modified":"2019-06-08T10:57:39","modified_gmt":"2019-06-08T13:57:39","slug":"mais-de-28-mil-contribuintes-paraibanos-receberao-r-62-milhoes-em-primeiro-lote-de-restituicoes","status":"publish","type":"post","link":"https:\/\/www.caririemacao.com\/1\/2019\/06\/08\/mais-de-28-mil-contribuintes-paraibanos-receberao-r-62-milhoes-em-primeiro-lote-de-restituicoes\/","title":{"rendered":"Mais de 28 mil contribuintes paraibanos receber\u00e3o R$ 62 milh\u00f5es em primeiro lote de restitui\u00e7\u00f5es"},"content":{"rendered":"\n<p>A consulta para o primeiro lote de restitui\u00e7\u00e3o do Imposto de Renda referente ao exerc\u00edcio de 2019 ser\u00e1 aberta na pr\u00f3xima segunda-feira (10). Na Para\u00edba, ter\u00e3o direito ao cr\u00e9dito banc\u00e1rio 28.511 contribuintes.<\/p>\n\n\n\n<p>De acordo com a Receita Federal, os paraibanos ter\u00e3o \u00e0 disposi\u00e7\u00e3o o total de R$ 62.707.406,65 neste primeiro lote. O cr\u00e9dito banc\u00e1rio ser\u00e1 feito no dia 17 de junho.<\/p>\n\n\n\n<p>O lote de restitui\u00e7\u00e3o do Imposto de Renda da Pessoa F\u00edsica contempla tamb\u00e9m as restitui\u00e7\u00f5es residuais referentes aos exerc\u00edcios de 2008 a 2018 (anos-calend\u00e1rios 2007 a 2017).<\/p>\n\n\n\n<figure class=\"wp-block-image\"><img decoding=\"async\" data-src=\"https:\/\/www.clickpb.com.br\/media\/filer_public\/df\/61\/df6179dd-7ec4-4a07-bc31-a489edab66d3\/restituicao_imposto_de_renda.png\" alt=\"\" src=\"data:image\/svg+xml;base64,PHN2ZyB3aWR0aD0iMSIgaGVpZ2h0PSIxIiB4bWxucz0iaHR0cDovL3d3dy53My5vcmcvMjAwMC9zdmciPjwvc3ZnPg==\" class=\"lazyload\" \/><\/figure>\n\n\n\n<p>Para saber se teve a declara\u00e7\u00e3o liberada, o contribuinte dever\u00e1 acessar a p\u00e1gina da Receita na Internet (<a href=\"http:\/\/idg.receita.fazenda.gov.br\/\">http:\/\/idg.receita.fazenda.gov&#8230;<\/a>&nbsp;), ou ligar para o Receitafone 146. Na consulta \u00e0 p\u00e1gina da Receita, servi\u00e7o e-CAC, \u00e9 possivel acessar o extrato da declara\u00e7\u00e3o e ver se h\u00e1 inconsist\u00eancias e ent\u00e3o fazer a autorregulariza\u00e7\u00e3o, mediante entrega de declara\u00e7\u00e3o retificadora.<\/p>\n\n\n\n<p>A Receita disponibiliza, ainda, aplicativo para tablets e smartphones que facilita consulta \u00e0s declara\u00e7\u00f5es do IRPF e situa\u00e7\u00e3o cadastral no CPF.Com ele ser\u00e1 poss\u00edvel consultar diretamente nas bases da Receita Federal informa\u00e7\u00f5es sobre libera\u00e7\u00e3o das restitui\u00e7\u00f5es do IRPF e a situa\u00e7\u00e3o cadastral de uma inscri\u00e7\u00e3o no CPF.<\/p>\n\n\n\n<p>A restitui\u00e7\u00e3o ficar\u00e1 dispon\u00edvel no banco durante um ano. Se o contribuinte n\u00e3o fizer o resgate nesse prazo, dever\u00e1 requer\u00ea-la por meio da Internet, mediante o Formul\u00e1rio Eletr\u00f4nico &#8211; Pedido de Pagamento de Restitui\u00e7\u00e3o, ou diretamente no e-CAC, no servi\u00e7o Extrato do Processamento da DIRPF.<\/p>\n","protected":false},"excerpt":{"rendered":"<p>A consulta para o primeiro lote de restitui\u00e7\u00e3o do Imposto de Renda referente ao exerc\u00edcio de 2019 ser\u00e1 aberta na pr\u00f3xima segunda-feira (10). Na Para\u00edba,&hellip; <\/p>\n","protected":false},"author":1,"featured_media":86244,"comment_status":"closed","ping_status":"closed","sticky":false,"template":"","format":"standard","meta":{"sfsi_plus_gutenberg_text_before_share":"","sfsi_plus_gutenberg_show_text_before_share":"","sfsi_plus_gutenberg_icon_type":"","sfsi_plus_gutenberg_icon_alignemt":"","sfsi_plus_gutenburg_max_per_row":"","footnotes":""},"categories":[2],"tags":[],"class_list":["post-98835","post","type-post","status-publish","format-standard","has-post-thumbnail","hentry","category-geral"],"_links":{"self":[{"href":"https:\/\/www.caririemacao.com\/1\/wp-json\/wp\/v2\/posts\/98835","targetHints":{"allow":["GET"]}}],"collection":[{"href":"https:\/\/www.caririemacao.com\/1\/wp-json\/wp\/v2\/posts"}],"about":[{"href":"https:\/\/www.caririemacao.com\/1\/wp-json\/wp\/v2\/types\/post"}],"author":[{"embeddable":true,"href":"https:\/\/www.caririemacao.com\/1\/wp-json\/wp\/v2\/users\/1"}],"replies":[{"embeddable":true,"href":"https:\/\/www.caririemacao.com\/1\/wp-json\/wp\/v2\/comments?post=98835"}],"version-history":[{"count":1,"href":"https:\/\/www.caririemacao.com\/1\/wp-json\/wp\/v2\/posts\/98835\/revisions"}],"predecessor-version":[{"id":98836,"href":"https:\/\/www.caririemacao.com\/1\/wp-json\/wp\/v2\/posts\/98835\/revisions\/98836"}],"wp:featuredmedia":[{"embeddable":true,"href":"https:\/\/www.caririemacao.com\/1\/wp-json\/wp\/v2\/media\/86244"}],"wp:attachment":[{"href":"https:\/\/www.caririemacao.com\/1\/wp-json\/wp\/v2\/media?parent=98835"}],"wp:term":[{"taxonomy":"category","embeddable":true,"href":"https:\/\/www.caririemacao.com\/1\/wp-json\/wp\/v2\/categories?post=98835"},{"taxonomy":"post_tag","embeddable":true,"href":"https:\/\/www.caririemacao.com\/1\/wp-json\/wp\/v2\/tags?post=98835"}],"curies":[{"name":"wp","href":"https:\/\/api.w.org\/{rel}","templated":true}]}}