{"id":98842,"date":"2019-06-08T11:59:45","date_gmt":"2019-06-08T14:59:45","guid":{"rendered":"http:\/\/www.caririemacao.com\/1\/?p=98842"},"modified":"2019-06-08T11:59:45","modified_gmt":"2019-06-08T14:59:45","slug":"fortaleza-visita-o-gremio-em-rotina-de-maratonista-na-serie-a","status":"publish","type":"post","link":"https:\/\/www.caririemacao.com\/1\/2019\/06\/08\/fortaleza-visita-o-gremio-em-rotina-de-maratonista-na-serie-a\/","title":{"rendered":"Fortaleza visita o Gr\u00eamio em rotina de maratonista na S\u00e9rie A"},"content":{"rendered":"\n<p>A express\u00e3o \u201cmaratona de jogos\u201d ganhou sentido pleno com o Fortaleza, que faz neste s\u00e1bado (8), em visita ao Gr\u00eamio, sua 13\u00ba partida em um per\u00edodo de 42 dias -n\u00famero de ironia \u00e0 parte para maratonistas.<\/p>\n\n\n\n<p>Iniciada em 28 de abril, na estreia do Campeonato Brasileiro, a sequ\u00eancia envolveu ainda jogos pela Copa do Brasil, na qual foi eliminado nas oitavas, e na Copa do Nordeste, em que se sagrou campe\u00e3o, com m\u00e9dia de um compromisso a cada pouco mais de tr\u00eas dias -3,23 em divis\u00e3o simples.<\/p>\n\n\n\n<p>No per\u00edodo, os intervalos de descanso entre os jogos foram de, no m\u00e1ximo, tr\u00eas dias. A \u00faltima vez em que teve tempo maior de prepara\u00e7\u00e3o foi justamente antes da maratona ter in\u00edcio, nos seis dias que sucederam a conquista do Cearense, em 21 de abril.<\/p>\n\n\n\n<p>Rec\u00e9m-promovido \u00e0 S\u00e9rie A, o time de Rog\u00e9rio Ceni \u00e9 quem mais jogou entre seus concorrentes desde o come\u00e7o da competi\u00e7\u00e3o, junto de Athletico-PR e Atl\u00e9tico-MG -h\u00e1, no entanto, algumas diferen\u00e7as para os atleticanos.<\/p>\n\n\n\n<p>Os mineiros s\u00f3 v\u00e3o acumular 13 jogos em 44 dias e, em sua sequ\u00eancia, tiveram dois intervalos de quatro dias de descanso entre partidas; j\u00e1 os paranaenses tiveram o trunfo de usar a equipe de aspirantes no estadual, o que privou o time principal de desgaste, al\u00e9m de permitir uma pr\u00e9-temporada maior.<\/p>\n\n\n\n<figure class=\"wp-block-image\"><img decoding=\"async\" data-src=\"https:\/\/paraibaonline.com.br\/wp-content\/uploads\/2019\/06\/FORTALEZA-556x417.jpg\" alt=\"Foto: Ascom\/Fortaleza\" class=\"wp-image-743013 lazyload\" src=\"data:image\/svg+xml;base64,PHN2ZyB3aWR0aD0iMSIgaGVpZ2h0PSIxIiB4bWxucz0iaHR0cDovL3d3dy53My5vcmcvMjAwMC9zdmciPjwvc3ZnPg==\" style=\"--smush-placeholder-width: 556px; --smush-placeholder-aspect-ratio: 556\/417;\" \/><\/figure>\n\n\n\n<p>Foto: Ascom\/Fortaleza<\/p>\n\n\n\n<p>O time nordestino ainda acumula o cansa\u00e7o de longas viagens, j\u00e1 que at\u00e9 ent\u00e3o s\u00f3 fez jogos fora de casa nas regi\u00f5es Sudeste e Sul, o que se repetir\u00e1 pela oitava rodada. Em Caxias do Sul, no est\u00e1dio Centen\u00e1rio, ter\u00e1 o desafio extra de enfrentar um Gr\u00eamio pressionado, que ocupa a zona de rebaixamento.<\/p>\n\n\n\n<p>\u201c\u00c9 um time bastante desgastado, que vai ter que viajar de novo, para pegar um outro time descansado, que tamb\u00e9m precisa de pontos e que n\u00e3o jogou no meio da semana. Infelizmente, n\u00e3o tivemos muita sorte na tabela, com muitas viagens. Vamos se entregar, mas, logicamente, \u00e9 um time cansado, sem muitas alternativas e com algumas les\u00f5es\u201d, lamentou Ceni, em discurso tamb\u00e9m posto \u00e0 exaust\u00e3o.<\/p>\n\n\n\n<p>O treinador do Fortaleza seguir\u00e1 com a estrat\u00e9gia de alternar escala\u00e7\u00f5es. J\u00e1 o Gr\u00eamio poder\u00e1 usar o que tem de melhor \u00e0 disposi\u00e7\u00e3o, o que n\u00e3o inclui o atacante Luan, ainda sem condi\u00e7\u00f5es f\u00edsicas ideais, segundo explicou o t\u00e9cnico Renato Ga\u00facho.<\/p>\n\n\n\n<p>Com sete pontos, dois a mais que o Gr\u00eamio, o Fortaleza mira, al\u00e9m do rival do ga\u00facho, a pausa no calend\u00e1rio para a Copa Am\u00e9rica. Antes, no entanto, ainda ter\u00e1 confronto com o Cruzeiro, na pr\u00f3xima quarta (12) -em sequ\u00eancia que j\u00e1 poder\u00e1 ser chamada de ultramaratona.<\/p>\n\n\n\n<p>GR\u00caMIO<br>Paulo Victor; L\u00e9o Moura, Geromel, Rodriguez e Leonardo Gomes; R\u00f4mulo, Maicon, Alisson, Jean Pyerre e Tardelli; Felipe Vizeu. T.: Renato Ga\u00facho<\/p>\n\n\n\n<p>FORTALEZA<br>Felipe Alves, Gabriel Dias, Quintero, Roger Carvalho, Carlinhos; Paulo Roberto, Juninho; Osvaldo, Marcinho, Romarinho e Kieza. T.: Rog\u00e9rio Ceni<\/p>\n\n\n\n<p>Est\u00e1dio: Centen\u00e1rio, em Caxias do Sul (RS)<br>Hor\u00e1rio: 19h deste s\u00e1bado<br>Juiz: S\u00e1vio Pereira Sampaio (DF)<\/p>\n","protected":false},"excerpt":{"rendered":"<p>A express\u00e3o \u201cmaratona de jogos\u201d ganhou sentido pleno com o Fortaleza, que faz neste s\u00e1bado (8), em visita ao Gr\u00eamio, sua 13\u00ba partida em um&hellip; <\/p>\n","protected":false},"author":1,"featured_media":48312,"comment_status":"closed","ping_status":"closed","sticky":false,"template":"","format":"standard","meta":{"sfsi_plus_gutenberg_text_before_share":"","sfsi_plus_gutenberg_show_text_before_share":"","sfsi_plus_gutenberg_icon_type":"","sfsi_plus_gutenberg_icon_alignemt":"","sfsi_plus_gutenburg_max_per_row":"","footnotes":""},"categories":[13],"tags":[],"class_list":["post-98842","post","type-post","status-publish","format-standard","has-post-thumbnail","hentry","category-esportes"],"_links":{"self":[{"href":"https:\/\/www.caririemacao.com\/1\/wp-json\/wp\/v2\/posts\/98842","targetHints":{"allow":["GET"]}}],"collection":[{"href":"https:\/\/www.caririemacao.com\/1\/wp-json\/wp\/v2\/posts"}],"about":[{"href":"https:\/\/www.caririemacao.com\/1\/wp-json\/wp\/v2\/types\/post"}],"author":[{"embeddable":true,"href":"https:\/\/www.caririemacao.com\/1\/wp-json\/wp\/v2\/users\/1"}],"replies":[{"embeddable":true,"href":"https:\/\/www.caririemacao.com\/1\/wp-json\/wp\/v2\/comments?post=98842"}],"version-history":[{"count":1,"href":"https:\/\/www.caririemacao.com\/1\/wp-json\/wp\/v2\/posts\/98842\/revisions"}],"predecessor-version":[{"id":98843,"href":"https:\/\/www.caririemacao.com\/1\/wp-json\/wp\/v2\/posts\/98842\/revisions\/98843"}],"wp:featuredmedia":[{"embeddable":true,"href":"https:\/\/www.caririemacao.com\/1\/wp-json\/wp\/v2\/media\/48312"}],"wp:attachment":[{"href":"https:\/\/www.caririemacao.com\/1\/wp-json\/wp\/v2\/media?parent=98842"}],"wp:term":[{"taxonomy":"category","embeddable":true,"href":"https:\/\/www.caririemacao.com\/1\/wp-json\/wp\/v2\/categories?post=98842"},{"taxonomy":"post_tag","embeddable":true,"href":"https:\/\/www.caririemacao.com\/1\/wp-json\/wp\/v2\/tags?post=98842"}],"curies":[{"name":"wp","href":"https:\/\/api.w.org\/{rel}","templated":true}]}}